{"id":96,"date":"2025-06-26T17:07:19","date_gmt":"2025-06-26T17:07:19","guid":{"rendered":"https:\/\/pombalpt.pt\/?p=96"},"modified":"2025-06-26T17:29:57","modified_gmt":"2025-06-26T17:29:57","slug":"dia-nacional-do-cigano","status":"publish","type":"post","link":"https:\/\/pombalpt.pt\/index.php\/2025\/06\/26\/dia-nacional-do-cigano\/","title":{"rendered":"Dia nacional do Cigano"},"content":{"rendered":"\n<p>O Parque Verde do A\u00e7ude foi o local escolhido para a celebra\u00e7\u00e3o do Dia Nacional do Cigano, numa iniciativa do Programa 3CES_Cidadania, Educa\u00e7\u00e3o, Emprego \u2013 E9G, que teve como objetivo promover os princ\u00edpios da interculturalidade e, acima de tudo, da inclus\u00e3o social.<\/p>\n\n\n\n<p>A dinamiza\u00e7\u00e3o de jogos tradicionais, dan\u00e7as e cantares, confraterniza\u00e7\u00e3o e a realiza\u00e7\u00e3o de um almo\u00e7o conv\u00edvio foram as principais atividades levadas a efeito ao longo do dia desta <a><\/a>ter\u00e7a-feira, dia 24 de junho.<\/p>\n\n\n\n<p>O Projeto 3CE&#8217;s.E9G \u2013 Cidadania, Educa\u00e7\u00e3o e Emprego, promovido pelo Munic\u00edpio de Pombal e desenvolvido pela Associa\u00e7\u00e3o de Desenvolvimento de Iniciativas Locais de Pombal (Adilpom), \u00e9 co-financiado atrav\u00e9s do &#8220;Programa Escolhas&#8221; atrav\u00e9s do Programa Pessoas 2030 e Uni\u00e3o Europeia.<\/p>\n\n\n\n<p>O Programa Escolhas, integrado no Instituto Portugu\u00eas do Desporto e Juventude, I. P. (IPDJ, I. P.), tem como miss\u00e3o no atual E9G, promover a inclus\u00e3o e integra\u00e7\u00e3o social, a igualdade de oportunidades na educa\u00e7\u00e3o e no emprego, o desenvolvimento de compet\u00eancias, o pensamento cr\u00edtico e criativo, a valoriza\u00e7\u00e3o do poder educativo das artes e do desporto, o combate \u00e0 discrimina\u00e7\u00e3o social, a participa\u00e7\u00e3o c\u00edvica e o refor\u00e7o da coes\u00e3o social e destina-se a todas as crian\u00e7as e jovens, particularmente as provenientes de contextos de maior vulnerabilidade socioecon\u00f3mica.<\/p>\n\n\n<div class=\"wp-block-image\">\n<figure class=\"alignleft size-large\"><img fetchpriority=\"high\" decoding=\"async\" width=\"1024\" height=\"683\" src=\"https:\/\/pombalpt.pt\/wp-content\/uploads\/2025\/06\/dia-internacionional-do-cigano002-1024x683.jpg\" alt=\"\" class=\"wp-image-98\" srcset=\"https:\/\/pombalpt.pt\/wp-content\/uploads\/2025\/06\/dia-internacionional-do-cigano002-1024x683.jpg 1024w, https:\/\/pombalpt.pt\/wp-content\/uploads\/2025\/06\/dia-internacionional-do-cigano002-300x200.jpg 300w, https:\/\/pombalpt.pt\/wp-content\/uploads\/2025\/06\/dia-internacionional-do-cigano002-768x512.jpg 768w, https:\/\/pombalpt.pt\/wp-content\/uploads\/2025\/06\/dia-internacionional-do-cigano002-1536x1024.jpg 1536w, https:\/\/pombalpt.pt\/wp-content\/uploads\/2025\/06\/dia-internacionional-do-cigano002.jpg 2048w\" sizes=\"(max-width: 1024px) 100vw, 1024px\" \/><\/figure>\n<\/div>\n\n\n<p><\/p>\n","protected":false},"excerpt":{"rendered":"<p>O Parque Verde do A\u00e7ude foi o local escolhido para a celebra\u00e7\u00e3o do Dia Nacional do Cigano, numa iniciativa do Programa 3CES_Cidadania, Educa\u00e7\u00e3o, Emprego \u2013 [&hellip;]<\/p>\n","protected":false},"author":1,"featured_media":97,"comment_status":"open","ping_status":"open","sticky":false,"template":"","format":"standard","meta":{"_monsterinsights_skip_tracking":false,"_monsterinsights_sitenote_active":false,"_monsterinsights_sitenote_note":"","_monsterinsights_sitenote_category":0,"_uf_show_specific_survey":0,"_uf_disable_surveys":false,"_jetpack_memberships_contains_paid_content":false,"footnotes":"","jetpack_publicize_message":"","jetpack_publicize_feature_enabled":true,"jetpack_social_post_already_shared":false,"jetpack_social_options":{"image_generator_settings":{"template":"highway","default_image_id":0,"enabled":false},"version":2}},"categories":[10,1],"tags":[11],"class_list":["post-96","post","type-post","status-publish","format-standard","has-post-thumbnail","hentry","category-cultura","category-nioticias","tag-cultura"],"aioseo_notices":[],"jetpack_publicize_connections":[],"jetpack_featured_media_url":"https:\/\/pombalpt.pt\/wp-content\/uploads\/2025\/06\/dia-internacionional-do-cigano.jpg","jetpack_sharing_enabled":true,"_links":{"self":[{"href":"https:\/\/pombalpt.pt\/index.php\/wp-json\/wp\/v2\/posts\/96","targetHints":{"allow":["GET"]}}],"collection":[{"href":"https:\/\/pombalpt.pt\/index.php\/wp-json\/wp\/v2\/posts"}],"about":[{"href":"https:\/\/pombalpt.pt\/index.php\/wp-json\/wp\/v2\/types\/post"}],"author":[{"embeddable":true,"href":"https:\/\/pombalpt.pt\/index.php\/wp-json\/wp\/v2\/users\/1"}],"replies":[{"embeddable":true,"href":"https:\/\/pombalpt.pt\/index.php\/wp-json\/wp\/v2\/comments?post=96"}],"version-history":[{"count":1,"href":"https:\/\/pombalpt.pt\/index.php\/wp-json\/wp\/v2\/posts\/96\/revisions"}],"predecessor-version":[{"id":99,"href":"https:\/\/pombalpt.pt\/index.php\/wp-json\/wp\/v2\/posts\/96\/revisions\/99"}],"wp:featuredmedia":[{"embeddable":true,"href":"https:\/\/pombalpt.pt\/index.php\/wp-json\/wp\/v2\/media\/97"}],"wp:attachment":[{"href":"https:\/\/pombalpt.pt\/index.php\/wp-json\/wp\/v2\/media?parent=96"}],"wp:term":[{"taxonomy":"category","embeddable":true,"href":"https:\/\/pombalpt.pt\/index.php\/wp-json\/wp\/v2\/categories?post=96"},{"taxonomy":"post_tag","embeddable":true,"href":"https:\/\/pombalpt.pt\/index.php\/wp-json\/wp\/v2\/tags?post=96"}],"curies":[{"name":"wp","href":"https:\/\/api.w.org\/{rel}","templated":true}]}}