{"id":86,"date":"2025-06-26T16:51:59","date_gmt":"2025-06-26T16:51:59","guid":{"rendered":"https:\/\/pombalpt.pt\/?p=86"},"modified":"2025-06-26T18:20:44","modified_gmt":"2025-06-26T18:20:44","slug":"5-a-edicao-da-pombal-cup-reforca-pombal-como-palco-de-grandes-eventos-desportivos","status":"publish","type":"post","link":"https:\/\/pombalpt.pt\/index.php\/2025\/06\/26\/5-a-edicao-da-pombal-cup-reforca-pombal-como-palco-de-grandes-eventos-desportivos\/","title":{"rendered":"5.\u00aa edi\u00e7\u00e3o da Pombal Cup refor\u00e7a Pombal como palco de grandes eventos desportivos"},"content":{"rendered":"\n<p>Terminou este domingo, <strong>22 de junho<\/strong>, a <strong>5.\u00aa edi\u00e7\u00e3o da Pombal Cup<\/strong>, que ao longo de tr\u00eas dias transformou o concelho de Pombal num verdadeiro centro de competi\u00e7\u00e3o, conv\u00edvio e desportivismo juvenil. O torneio infantojuvenil contou com a participa\u00e7\u00e3o de <strong>mais de 2.000 jovens atletas<\/strong>, oriundos de v\u00e1rias regi\u00f5es do pa\u00eds, acompanhados por <strong>mais de 200 volunt\u00e1rios<\/strong>, equipas t\u00e9cnicas, familiares e apoiantes.<\/p>\n\n\n\n<p>O evento, organizado pela <strong>Uni\u00e3o de Pombal<\/strong>, contou com o apoio do <strong>Munic\u00edpio de Pombal<\/strong> e de <strong>diversas empresas locais<\/strong>, traduzindo-se num claro exemplo de colabora\u00e7\u00e3o entre institui\u00e7\u00f5es e comunidade, com <strong>impacto econ\u00f3mico e social significativo<\/strong>, especialmente nas \u00e1reas da <strong>restaura\u00e7\u00e3o e hotelaria<\/strong>.<\/p>\n\n\n\n<p>Mais do que um torneio desportivo, a Pombal Cup \u00e9 tamb\u00e9m uma plataforma de valores e solidariedade. Este ano, no \u00e2mbito da <strong>responsabilidade social<\/strong>, a organiza\u00e7\u00e3o associou-se \u00e0 <strong>Associa\u00e7\u00e3o PARA \u2013 Projeto de Apoio e Recursos para o Autismo<\/strong>, contribuindo para a sensibiliza\u00e7\u00e3o da popula\u00e7\u00e3o e refor\u00e7ando a esperan\u00e7a das fam\u00edlias que lidam diariamente com esta realidade.<\/p>\n\n\n\n<p>A Pombal Cup assume-se como um <strong>evento de refer\u00eancia nacional<\/strong>, posicionando Pombal como um <strong>palco privilegiado para a realiza\u00e7\u00e3o de grandes iniciativas desportivas<\/strong> com abrang\u00eancia nacional e internacional. A edi\u00e7\u00e3o deste ano evidenciou, mais uma vez, o potencial do concelho para acolher eventos desta dimens\u00e3o, tanto pela qualidade das infraestruturas como pela hospitalidade da sua popula\u00e7\u00e3o.<\/p>\n\n\n\n<figure class=\"wp-block-image size-large\"><img fetchpriority=\"high\" decoding=\"async\" width=\"1024\" height=\"683\" src=\"https:\/\/pombalpt.pt\/wp-content\/uploads\/2025\/06\/uniao-de-pombal-Artur-2-1024x683.jpg\" alt=\"\" class=\"wp-image-93\" srcset=\"https:\/\/pombalpt.pt\/wp-content\/uploads\/2025\/06\/uniao-de-pombal-Artur-2-1024x683.jpg 1024w, https:\/\/pombalpt.pt\/wp-content\/uploads\/2025\/06\/uniao-de-pombal-Artur-2-300x200.jpg 300w, https:\/\/pombalpt.pt\/wp-content\/uploads\/2025\/06\/uniao-de-pombal-Artur-2-768x512.jpg 768w, https:\/\/pombalpt.pt\/wp-content\/uploads\/2025\/06\/uniao-de-pombal-Artur-2-1536x1024.jpg 1536w, https:\/\/pombalpt.pt\/wp-content\/uploads\/2025\/06\/uniao-de-pombal-Artur-2.jpg 2048w\" sizes=\"(max-width: 1024px) 100vw, 1024px\" \/><figcaption class=\"wp-element-caption\"><strong><em>Artur Gon\u00e7alves<\/em><\/strong><\/figcaption><\/figure>\n\n\n\n<p class=\"has-white-color has-text-color has-link-color wp-elements-09b7e81fcf3618accfecdfa807ff4de3\">Este dinamismo vai ao encontro da estrat\u00e9gia municipal de promo\u00e7\u00e3o da marca <strong>\u201cPombal, Centro Natural de Portugal\u201d<\/strong>, refor\u00e7ando o posicionamento do territ\u00f3rio como um destino de excel\u00eancia para o desporto, a juventude e o desenvolvimento local.<\/p>\n","protected":false},"excerpt":{"rendered":"<p>Terminou este domingo, 22 de junho, a 5.\u00aa edi\u00e7\u00e3o da Pombal Cup, que ao longo de tr\u00eas dias transformou o concelho de Pombal num verdadeiro [&hellip;]<\/p>\n","protected":false},"author":1,"featured_media":87,"comment_status":"open","ping_status":"open","sticky":false,"template":"","format":"standard","meta":{"_monsterinsights_skip_tracking":false,"_monsterinsights_sitenote_active":false,"_monsterinsights_sitenote_note":"","_monsterinsights_sitenote_category":0,"_uf_show_specific_survey":0,"_uf_disable_surveys":false,"_jetpack_memberships_contains_paid_content":false,"footnotes":"","jetpack_publicize_message":"","jetpack_publicize_feature_enabled":true,"jetpack_social_post_already_shared":false,"jetpack_social_options":{"image_generator_settings":{"template":"highway","default_image_id":0,"enabled":false},"version":2}},"categories":[12],"tags":[5],"class_list":["post-86","post","type-post","status-publish","format-standard","has-post-thumbnail","hentry","category-desporto","tag-desporto"],"aioseo_notices":[],"jetpack_publicize_connections":[],"jetpack_featured_media_url":"https:\/\/pombalpt.pt\/wp-content\/uploads\/2025\/06\/uniao-de-pombal.jpg","jetpack_sharing_enabled":true,"_links":{"self":[{"href":"https:\/\/pombalpt.pt\/index.php\/wp-json\/wp\/v2\/posts\/86","targetHints":{"allow":["GET"]}}],"collection":[{"href":"https:\/\/pombalpt.pt\/index.php\/wp-json\/wp\/v2\/posts"}],"about":[{"href":"https:\/\/pombalpt.pt\/index.php\/wp-json\/wp\/v2\/types\/post"}],"author":[{"embeddable":true,"href":"https:\/\/pombalpt.pt\/index.php\/wp-json\/wp\/v2\/users\/1"}],"replies":[{"embeddable":true,"href":"https:\/\/pombalpt.pt\/index.php\/wp-json\/wp\/v2\/comments?post=86"}],"version-history":[{"count":4,"href":"https:\/\/pombalpt.pt\/index.php\/wp-json\/wp\/v2\/posts\/86\/revisions"}],"predecessor-version":[{"id":127,"href":"https:\/\/pombalpt.pt\/index.php\/wp-json\/wp\/v2\/posts\/86\/revisions\/127"}],"wp:featuredmedia":[{"embeddable":true,"href":"https:\/\/pombalpt.pt\/index.php\/wp-json\/wp\/v2\/media\/87"}],"wp:attachment":[{"href":"https:\/\/pombalpt.pt\/index.php\/wp-json\/wp\/v2\/media?parent=86"}],"wp:term":[{"taxonomy":"category","embeddable":true,"href":"https:\/\/pombalpt.pt\/index.php\/wp-json\/wp\/v2\/categories?post=86"},{"taxonomy":"post_tag","embeddable":true,"href":"https:\/\/pombalpt.pt\/index.php\/wp-json\/wp\/v2\/tags?post=86"}],"curies":[{"name":"wp","href":"https:\/\/api.w.org\/{rel}","templated":true}]}}