{"id":60,"date":"2025-06-26T11:55:35","date_gmt":"2025-06-26T11:55:35","guid":{"rendered":"https:\/\/pombalpt.pt\/Noticias\/?p=60"},"modified":"2025-06-26T18:21:39","modified_gmt":"2025-06-26T18:21:39","slug":"pombal-avanca-com-transporte-flexivel-a-pedido-servico-arranca-em-junho-em-regime-experimental","status":"publish","type":"post","link":"https:\/\/pombalpt.pt\/index.php\/2025\/06\/26\/pombal-avanca-com-transporte-flexivel-a-pedido-servico-arranca-em-junho-em-regime-experimental\/","title":{"rendered":"Pombal avan\u00e7a com transporte flex\u00edvel a experimental."},"content":{"rendered":"\n<p><\/p>\n\n\n\n<p>A Comunidade Intermunicipal da Regi\u00e3o de Leiria (CIMRL), em parceria com o Munic\u00edpio de Pombal e mais de uma dezena de taxistas locais, assinou os protocolos de execu\u00e7\u00e3o para a implementa\u00e7\u00e3o do servi\u00e7o de transporte de passageiros flex\u00edvel a pedido no concelho de Pombal.<\/p>\n\n\n\n<p>Este novo modelo de mobilidade funcionar\u00e1 numa primeira fase em regime experimental, durante um per\u00edodo m\u00e1ximo de seis meses, seguindo o exemplo de outros munic\u00edpios da CIMRL. O objetivo \u00e9 suprir lacunas no transporte p\u00fablico tradicional, garantindo um servi\u00e7o mais pr\u00f3ximo, c\u00f3modo e acess\u00edvel \u00e0 popula\u00e7\u00e3o, com o mesmo tarif\u00e1rio aplicado no transporte p\u00fablico.<\/p>\n\n\n\n<p>O servi\u00e7o ser\u00e1 assegurado por t\u00e1xis, proporcionando desloca\u00e7\u00f5es a pre\u00e7o reduzido, de forma a refor\u00e7ar a mobilidade da popula\u00e7\u00e3o, sobretudo nas zonas com menor cobertura de transporte coletivo.<\/p>\n\n\n\n<p>A fase inicial arranca j\u00e1 a 30 de junho, abrangendo as freguesias de Almagreira, Louri\u00e7al, Guia, Ilha, Mata Mourisca, Carri\u00e7o e Carnide. A partir de 1 de setembro, o servi\u00e7o ser\u00e1 alargado \u00e0s popula\u00e7\u00f5es de Abiul, Meirinhas, Pelariga, Redinha, Santiago de Lit\u00e9m, S\u00e3o Sim\u00e3o de Lit\u00e9m, Albergaria dos Doze, Vermoil e Vila C\u00e3. Finalmente, a totalidade da freguesia de Pombal ser\u00e1 integrada no projeto a partir de janeiro do pr\u00f3ximo ano.<\/p>\n\n\n\n<p>Os cidad\u00e3os interessados em utilizar o servi\u00e7o dever\u00e3o efetuar o pedido at\u00e9 \u00e0s 15h00 do dia anterior, atrav\u00e9s do n\u00famero gratuito 800 24 25 26.<\/p>\n\n\n\n<p>Com esta medida, o Munic\u00edpio de Pombal e a CIMRL refor\u00e7am o compromisso com a mobilidade inclusiva, garantindo que mais pessoas t\u00eam acesso a transportes eficientes e adaptados \u00e0s suas necessidades.<\/p>\n","protected":false},"excerpt":{"rendered":"<p>A Comunidade Intermunicipal da Regi\u00e3o de Leiria (CIMRL), em parceria com o Munic\u00edpio de Pombal e mais de uma dezena de taxistas locais, assinou os [&hellip;]<\/p>\n","protected":false},"author":1,"featured_media":61,"comment_status":"open","ping_status":"open","sticky":false,"template":"","format":"standard","meta":{"_monsterinsights_skip_tracking":false,"_monsterinsights_sitenote_active":false,"_monsterinsights_sitenote_note":"","_monsterinsights_sitenote_category":0,"_uf_show_specific_survey":0,"_uf_disable_surveys":false,"_jetpack_memberships_contains_paid_content":false,"footnotes":"","jetpack_publicize_message":"","jetpack_publicize_feature_enabled":true,"jetpack_social_post_already_shared":false,"jetpack_social_options":{"image_generator_settings":{"template":"highway","default_image_id":0,"enabled":false},"version":2}},"categories":[1],"tags":[],"class_list":["post-60","post","type-post","status-publish","format-standard","has-post-thumbnail","hentry","category-nioticias"],"aioseo_notices":[],"jetpack_publicize_connections":[],"jetpack_featured_media_url":"https:\/\/pombalpt.pt\/wp-content\/uploads\/2025\/06\/transporte_flexivel_1_2500_2500.jpg","jetpack_sharing_enabled":true,"_links":{"self":[{"href":"https:\/\/pombalpt.pt\/index.php\/wp-json\/wp\/v2\/posts\/60","targetHints":{"allow":["GET"]}}],"collection":[{"href":"https:\/\/pombalpt.pt\/index.php\/wp-json\/wp\/v2\/posts"}],"about":[{"href":"https:\/\/pombalpt.pt\/index.php\/wp-json\/wp\/v2\/types\/post"}],"author":[{"embeddable":true,"href":"https:\/\/pombalpt.pt\/index.php\/wp-json\/wp\/v2\/users\/1"}],"replies":[{"embeddable":true,"href":"https:\/\/pombalpt.pt\/index.php\/wp-json\/wp\/v2\/comments?post=60"}],"version-history":[{"count":3,"href":"https:\/\/pombalpt.pt\/index.php\/wp-json\/wp\/v2\/posts\/60\/revisions"}],"predecessor-version":[{"id":128,"href":"https:\/\/pombalpt.pt\/index.php\/wp-json\/wp\/v2\/posts\/60\/revisions\/128"}],"wp:featuredmedia":[{"embeddable":true,"href":"https:\/\/pombalpt.pt\/index.php\/wp-json\/wp\/v2\/media\/61"}],"wp:attachment":[{"href":"https:\/\/pombalpt.pt\/index.php\/wp-json\/wp\/v2\/media?parent=60"}],"wp:term":[{"taxonomy":"category","embeddable":true,"href":"https:\/\/pombalpt.pt\/index.php\/wp-json\/wp\/v2\/categories?post=60"},{"taxonomy":"post_tag","embeddable":true,"href":"https:\/\/pombalpt.pt\/index.php\/wp-json\/wp\/v2\/tags?post=60"}],"curies":[{"name":"wp","href":"https:\/\/api.w.org\/{rel}","templated":true}]}}