{"id":2682,"date":"2025-10-21T08:20:38","date_gmt":"2025-10-21T08:20:38","guid":{"rendered":"https:\/\/pombalpt.pt\/?p=2682"},"modified":"2025-10-21T08:42:35","modified_gmt":"2025-10-21T08:42:35","slug":"sordo-vence-rallye-vidreiro-por-decimos-e-sagra-se-campeao-nacional","status":"publish","type":"post","link":"https:\/\/pombalpt.pt\/index.php\/2025\/10\/21\/sordo-vence-rallye-vidreiro-por-decimos-e-sagra-se-campeao-nacional\/","title":{"rendered":"Sordo vence Rallye Vidreiro por d\u00e9cimos e sagra-se Campe\u00e3o Nacional"},"content":{"rendered":"\n<div class=\"wp-block-columns is-layout-flex wp-container-core-columns-is-layout-9d6595d7 wp-block-columns-is-layout-flex\">\n<div class=\"wp-block-column is-layout-flow wp-block-column-is-layout-flow\">\n<div class=\"wp-block-columns is-layout-flex wp-container-core-columns-is-layout-9d6595d7 wp-block-columns-is-layout-flex\">\n<div class=\"wp-block-column is-layout-flow wp-block-column-is-layout-flow\">\n<figure class=\"wp-block-image size-large\"><img fetchpriority=\"high\" decoding=\"async\" width=\"1024\" height=\"683\" src=\"https:\/\/pombalpt.pt\/wp-content\/uploads\/2025\/10\/ZOM_8249-1-1024x683.jpg\" alt=\"\" class=\"wp-image-2688\" srcset=\"https:\/\/pombalpt.pt\/wp-content\/uploads\/2025\/10\/ZOM_8249-1-1024x683.jpg 1024w, https:\/\/pombalpt.pt\/wp-content\/uploads\/2025\/10\/ZOM_8249-1-300x200.jpg 300w, https:\/\/pombalpt.pt\/wp-content\/uploads\/2025\/10\/ZOM_8249-1-768x512.jpg 768w, https:\/\/pombalpt.pt\/wp-content\/uploads\/2025\/10\/ZOM_8249-1-1536x1024.jpg 1536w, https:\/\/pombalpt.pt\/wp-content\/uploads\/2025\/10\/ZOM_8249-1.jpg 1920w\" sizes=\"(max-width: 1024px) 100vw, 1024px\" \/><\/figure>\n<\/div>\n\n\n\n<div class=\"wp-block-column is-layout-flow wp-block-column-is-layout-flow\"><figure class=\"wp-block-post-featured-image\"><img decoding=\"async\" width=\"1502\" height=\"671\" src=\"https:\/\/pombalpt.pt\/wp-content\/uploads\/2025\/10\/\u00b4.jpg\" class=\"attachment-post-thumbnail size-post-thumbnail wp-post-image\" alt=\"\" style=\"object-fit:cover;\" srcset=\"https:\/\/pombalpt.pt\/wp-content\/uploads\/2025\/10\/\u00b4.jpg 1502w, https:\/\/pombalpt.pt\/wp-content\/uploads\/2025\/10\/\u00b4-300x134.jpg 300w, https:\/\/pombalpt.pt\/wp-content\/uploads\/2025\/10\/\u00b4-1024x457.jpg 1024w, https:\/\/pombalpt.pt\/wp-content\/uploads\/2025\/10\/\u00b4-768x343.jpg 768w\" sizes=\"(max-width: 1502px) 100vw, 1502px\" \/><\/figure><\/div>\n<\/div>\n<\/div>\n<\/div>\n\n\n\n<p> Numa final de cortar a respira\u00e7\u00e3o, o espanhol Dani Sordo sagrou-se campe\u00e3o nacional de ralis ao vencer o Rallye Vidreiro Centro de Portugal por uma diferen\u00e7a m\u00ednima de 0,8 segundos, ap\u00f3s um intenso duelo com o brit\u00e2nico Kris Meeke. A prova, decisiva para o Campeonato de Portugal de Ralis (CPR), teve Pombal como centro nevr\u00e1lgico, refor\u00e7ando a posi\u00e7\u00e3o estrat\u00e9gica do munic\u00edpio no desporto motorizado nacional.<\/p>\n\n\n\n<p>O desfecho, digno de um filme de suspense, aconteceu no passado fim de semana nas estradas da regi\u00e3o pombalense. A competi\u00e7\u00e3o, organizada pelo Clube Autom\u00f3vel da Marinha Grande com o apoio dos munic\u00edpios de Marinha Grande, Alcoba\u00e7a e Pombal, trouxe novamente a emo\u00e7\u00e3o dos motores e a paix\u00e3o dos adeptos.<\/p>\n\n\n\n<div class=\"wp-block-group is-nowrap is-layout-flex wp-container-core-group-is-layout-ad2f72ca wp-block-group-is-layout-flex\">\n<p>Sordo&nbsp;(Hyundai i20 N Rally2) e Meeke (Toyota GR Yaris Rally2) chegaram \u00e0 \u00faltima e decisiva prova empatados, com a vit\u00f3ria no rali a garantir o t\u00edtulo. A Super Especial, realizada na noite de sexta-feira no centro da cidade, j\u00e1 antecipava a intensidade da competi\u00e7\u00e3o, que s\u00f3 se resolveu na \u00faltima etapa. Com a vit\u00f3ria no Rallye Vidreiro, Sordo impediu Meeke de conquistar o bicampeonato.<\/p>\n<\/div>\n\n\n\n<p>O piloto portugu\u00eas Armindo Ara\u00fajo (Skoda Fabia RS Rally2), que era o terceiro candidato ao t\u00edtulo, nunca desistiu da luta e manteve a press\u00e3o sobre os rivais at\u00e9 ao fim, terminando a \u00e9poca com uma presta\u00e7\u00e3o not\u00e1vel.<\/p>\n\n\n\n<p>O sucesso da competi\u00e7\u00e3o, que contou com um tra\u00e7ado desafiante e uma forte aposta na seguran\u00e7a, refor\u00e7ou a crescente import\u00e2ncia de Pombal na dinamiza\u00e7\u00e3o de grandes eventos desportivos em Portugal. A intensa participa\u00e7\u00e3o do p\u00fablico na Super Especial foi um dos pontos altos do evento, sublinhando a paix\u00e3o da regi\u00e3o pelo automobilismo.<\/p>\n\n\n\n<p>O Rallye Vidreiro, ao coroar um novo campe\u00e3o, terminou a temporada de 2025 do CPR em alta, deixando mem\u00f3rias de adrenalina, talento e fair-play entre os principais pilotos.<\/p>\n","protected":false},"excerpt":{"rendered":"<p>Numa final de cortar a respira\u00e7\u00e3o, o espanhol Dani Sordo sagrou-se campe\u00e3o nacional de ralis ao vencer o Rallye Vidreiro Centro de Portugal por uma [&hellip;]<\/p>\n","protected":false},"author":1,"featured_media":2690,"comment_status":"open","ping_status":"open","sticky":false,"template":"","format":"standard","meta":{"_monsterinsights_skip_tracking":false,"_monsterinsights_sitenote_active":false,"_monsterinsights_sitenote_note":"","_monsterinsights_sitenote_category":0,"_uf_show_specific_survey":0,"_uf_disable_surveys":false,"_jetpack_memberships_contains_paid_content":false,"footnotes":"","jetpack_publicize_message":"","jetpack_publicize_feature_enabled":true,"jetpack_social_post_already_shared":true,"jetpack_social_options":{"image_generator_settings":{"template":"highway","default_image_id":0,"enabled":false},"version":2}},"categories":[12],"tags":[5],"class_list":["post-2682","post","type-post","status-publish","format-standard","has-post-thumbnail","hentry","category-desporto","tag-desporto"],"aioseo_notices":[],"jetpack_publicize_connections":[],"jetpack_featured_media_url":"https:\/\/pombalpt.pt\/wp-content\/uploads\/2025\/10\/\u00b4.jpg","jetpack_sharing_enabled":true,"_links":{"self":[{"href":"https:\/\/pombalpt.pt\/index.php\/wp-json\/wp\/v2\/posts\/2682","targetHints":{"allow":["GET"]}}],"collection":[{"href":"https:\/\/pombalpt.pt\/index.php\/wp-json\/wp\/v2\/posts"}],"about":[{"href":"https:\/\/pombalpt.pt\/index.php\/wp-json\/wp\/v2\/types\/post"}],"author":[{"embeddable":true,"href":"https:\/\/pombalpt.pt\/index.php\/wp-json\/wp\/v2\/users\/1"}],"replies":[{"embeddable":true,"href":"https:\/\/pombalpt.pt\/index.php\/wp-json\/wp\/v2\/comments?post=2682"}],"version-history":[{"count":4,"href":"https:\/\/pombalpt.pt\/index.php\/wp-json\/wp\/v2\/posts\/2682\/revisions"}],"predecessor-version":[{"id":2691,"href":"https:\/\/pombalpt.pt\/index.php\/wp-json\/wp\/v2\/posts\/2682\/revisions\/2691"}],"wp:featuredmedia":[{"embeddable":true,"href":"https:\/\/pombalpt.pt\/index.php\/wp-json\/wp\/v2\/media\/2690"}],"wp:attachment":[{"href":"https:\/\/pombalpt.pt\/index.php\/wp-json\/wp\/v2\/media?parent=2682"}],"wp:term":[{"taxonomy":"category","embeddable":true,"href":"https:\/\/pombalpt.pt\/index.php\/wp-json\/wp\/v2\/categories?post=2682"},{"taxonomy":"post_tag","embeddable":true,"href":"https:\/\/pombalpt.pt\/index.php\/wp-json\/wp\/v2\/tags?post=2682"}],"curies":[{"name":"wp","href":"https:\/\/api.w.org\/{rel}","templated":true}]}}