{"id":2630,"date":"2025-08-17T09:31:23","date_gmt":"2025-08-17T09:31:23","guid":{"rendered":"https:\/\/pombalpt.pt\/?p=2630"},"modified":"2025-08-20T10:25:44","modified_gmt":"2025-08-20T10:25:44","slug":"nelson-matias-e-o-candidato-do-psd-a-recem-criada-freguesia-da-mata-mourisca","status":"publish","type":"post","link":"https:\/\/pombalpt.pt\/index.php\/2025\/08\/17\/nelson-matias-e-o-candidato-do-psd-a-recem-criada-freguesia-da-mata-mourisca\/","title":{"rendered":"Nelson Matias \u00e9 o candidato do PSD \u00e0 rec\u00e9m-criada freguesia da Mata Mourisca"},"content":{"rendered":"\n<p>Numa tarde de forte significado para a comunidade local, o Partido Social Democrata (PSD) apresentou este s\u00e1bado, no Parque de Merendas do Vale da Sobreira, a candidatura de Nelson Matias \u00e0 presid\u00eancia da Junta de Freguesia da Mata Mourisca. As elei\u00e7\u00f5es aut\u00e1rquicas de 12 de outubro marcam um momento hist\u00f3rico para a localidade, que recupera a sua autonomia administrativa ap\u00f3s anos integrada numa uni\u00e3o de freguesias.<\/p>\n\n\n\n<p>O evento, que contou com a presen\u00e7a de diversas figuras do partido e da comunidade, assinalou o compromisso do PSD em &#8220;afirmar a nossa terra, partilhar ideias e refor\u00e7ar compromissos com a comunidade&#8221;, sob o lema &#8220;Com Nelson Matias, Mata Mourisca voa mais alto&#8221;.<\/p>\n\n\n\n<figure class=\"wp-block-image size-large is-resized\"><img fetchpriority=\"high\" decoding=\"async\" width=\"1024\" height=\"683\" src=\"https:\/\/pombalpt.pt\/wp-content\/uploads\/2025\/08\/IMG_0018-1024x683.jpg\" alt=\"\" class=\"wp-image-2633\" style=\"width:729px;height:auto\" srcset=\"https:\/\/pombalpt.pt\/wp-content\/uploads\/2025\/08\/IMG_0018-1024x683.jpg 1024w, https:\/\/pombalpt.pt\/wp-content\/uploads\/2025\/08\/IMG_0018-300x200.jpg 300w, https:\/\/pombalpt.pt\/wp-content\/uploads\/2025\/08\/IMG_0018-768x512.jpg 768w, https:\/\/pombalpt.pt\/wp-content\/uploads\/2025\/08\/IMG_0018-1536x1024.jpg 1536w, https:\/\/pombalpt.pt\/wp-content\/uploads\/2025\/08\/IMG_0018-2048x1365.jpg 2048w\" sizes=\"(max-width: 1024px) 100vw, 1024px\" \/><figcaption class=\"wp-element-caption\">Jos\u00e9 Eduardo Sousa, Presidente da JSD de Pombal, fala sobre a import\u00e2ncia hist\u00f3rica da candidatura de Nelson Matias durante um evento no Parque de Merendas do Vale da Sobreira.<\/figcaption><\/figure>\n\n\n\n<div class=\"wp-block-group is-nowrap is-layout-flex wp-container-core-group-is-layout-ad2f72ca wp-block-group-is-layout-flex\">\n<p>A abrir as interven\u00e7\u00f5es, Jos\u00e9 Eduardo Sousa, Presidente da JSD de Pombal, destacou a import\u00e2ncia do momento. &#8220;Vivemos um momento hist\u00f3rico. A Mata Mourisca volta a ter a sua autonomia administrativa e isto significa que temos pela frente uma oportunidade \u00fanica de decidir o pr\u00f3prio caminho&#8221;, afirmou.<\/p>\n<\/div>\n\n\n\n<div class=\"wp-block-group is-nowrap is-layout-flex wp-container-core-group-is-layout-ad2f72ca wp-block-group-is-layout-flex\">\n<p>Jos\u00e9 Eduardo Souza descreveu Nelson Matias como &#8220;uma pessoa da terra&#8221;, com um passado ligado ao secretariado da Junta e ao associativismo desportivo, cuja principal motiva\u00e7\u00e3o \u00e9 &#8220;promover e fortalecer o sentimento de orgulho \u00e0 Mata Mourisca&#8221;. O l\u00edder da JSD sublinhou a prioridade do candidato em criar condi\u00e7\u00f5es para fixar os jovens, tornando a freguesia mais atrativa para viver e construir fam\u00edlia. Como exemplo, mencionou o projeto de requalifica\u00e7\u00e3o e amplia\u00e7\u00e3o do Parque de Merendas do Vale da Sobreira, &#8220;um espa\u00e7o que vai promover o conv\u00edvio, dinamizar a comunidade e criar mais motivos para os jovens estarem e viverem na sua terra&#8221;.<\/p>\n<\/div>\n\n\n\n<p>Renato Guardado, Vice-Presidente do PSD de Pombal, refor\u00e7ou a for\u00e7a e a coes\u00e3o do projeto pol\u00edtico do partido no concelho. Guardado salientou que o PSD, &#8220;com forte probabilidade&#8221;, ser\u00e1 a \u00fanica for\u00e7a pol\u00edtica a apresentar candidaturas a todas as freguesias do concelho, bem como \u00e0 Assembleia Municipal, o que &#8220;demonstra a presen\u00e7a e a for\u00e7a do projeto pol\u00edtico&#8221;.<\/p>\n\n\n\n<div class=\"wp-block-group is-nowrap is-layout-flex wp-container-core-group-is-layout-ad2f72ca wp-block-group-is-layout-flex\">\n<p>O Vice-Presidente do PSD de Pombal revelou que as listas entregues em tribunal s\u00e3o compostas por 665 pessoas, &#8220;sem repetir nenhuma candidatura&#8221; entre os diferentes \u00f3rg\u00e3os aut\u00e1rquicos, um facto que, segundo ele, demonstra o &#8220;crit\u00e9rio e a dimens\u00e3o humana das candidaturas&#8221;.<\/p>\n\n\n\n<figure class=\"wp-block-image size-large is-resized\"><img decoding=\"async\" width=\"1024\" height=\"867\" src=\"https:\/\/pombalpt.pt\/wp-content\/uploads\/2025\/08\/IMG_0028-2-1024x867.jpg\" alt=\"\" class=\"wp-image-2641\" style=\"width:481px;height:auto\" srcset=\"https:\/\/pombalpt.pt\/wp-content\/uploads\/2025\/08\/IMG_0028-2-1024x867.jpg 1024w, https:\/\/pombalpt.pt\/wp-content\/uploads\/2025\/08\/IMG_0028-2-300x254.jpg 300w, https:\/\/pombalpt.pt\/wp-content\/uploads\/2025\/08\/IMG_0028-2-768x651.jpg 768w, https:\/\/pombalpt.pt\/wp-content\/uploads\/2025\/08\/IMG_0028-2-1536x1301.jpg 1536w, https:\/\/pombalpt.pt\/wp-content\/uploads\/2025\/08\/IMG_0028-2-2048x1735.jpg 2048w\" sizes=\"(max-width: 1024px) 100vw, 1024px\" \/><figcaption class=\"wp-element-caption\">Renato Guardado, Vice-Presidente do PSD de Pombal, discursa sobre a candidatura de Nelson Matias no Parque de Merendas do Vale da Sobreira.<\/figcaption><\/figure>\n<\/div>\n\n\n\n<p>Ao elogiar a escolha de Nelson Matias, Guardado destacou o seu perfil como algu\u00e9m que, n\u00e3o tendo ambi\u00e7\u00f5es pol\u00edticas pr\u00e9vias, &#8220;respondeu sim ao desafio de liderar a sua terra&#8221;. Esta, para o dirigente, \u00e9 a &#8220;diferen\u00e7a substancial&#8221; entre as candidaturas do PSD e as das outras for\u00e7as pol\u00edticas.<\/p>\n\n\n\n<p>A apresenta\u00e7\u00e3o da candidatura de Nelson Matias \u00e9 a terceira de sete sess\u00f5es que o PSD ir\u00e1 realizar nas freguesias do concelho de Pombal, preparando o terreno para as elei\u00e7\u00f5es aut\u00e1rquicas de 12 de outubro.<\/p>\n","protected":false},"excerpt":{"rendered":"<p>Numa tarde de forte significado para a comunidade local, o Partido Social Democrata (PSD) apresentou este s\u00e1bado, no Parque de Merendas do Vale da Sobreira, [&hellip;]<\/p>\n","protected":false},"author":1,"featured_media":2636,"comment_status":"open","ping_status":"open","sticky":false,"template":"","format":"standard","meta":{"_monsterinsights_skip_tracking":false,"_monsterinsights_sitenote_active":false,"_monsterinsights_sitenote_note":"","_monsterinsights_sitenote_category":0,"_uf_show_specific_survey":0,"_uf_disable_surveys":false,"_jetpack_memberships_contains_paid_content":false,"footnotes":"","jetpack_publicize_message":"","jetpack_publicize_feature_enabled":true,"jetpack_social_post_already_shared":true,"jetpack_social_options":{"image_generator_settings":{"template":"highway","default_image_id":0,"enabled":false},"version":2}},"categories":[4,1],"tags":[],"class_list":["post-2630","post","type-post","status-publish","format-standard","has-post-thumbnail","hentry","category-informacao","category-nioticias"],"aioseo_notices":[],"jetpack_publicize_connections":[],"jetpack_featured_media_url":"https:\/\/pombalpt.pt\/wp-content\/uploads\/2025\/08\/IMG_0180-scaled.jpg","jetpack_sharing_enabled":true,"_links":{"self":[{"href":"https:\/\/pombalpt.pt\/index.php\/wp-json\/wp\/v2\/posts\/2630","targetHints":{"allow":["GET"]}}],"collection":[{"href":"https:\/\/pombalpt.pt\/index.php\/wp-json\/wp\/v2\/posts"}],"about":[{"href":"https:\/\/pombalpt.pt\/index.php\/wp-json\/wp\/v2\/types\/post"}],"author":[{"embeddable":true,"href":"https:\/\/pombalpt.pt\/index.php\/wp-json\/wp\/v2\/users\/1"}],"replies":[{"embeddable":true,"href":"https:\/\/pombalpt.pt\/index.php\/wp-json\/wp\/v2\/comments?post=2630"}],"version-history":[{"count":5,"href":"https:\/\/pombalpt.pt\/index.php\/wp-json\/wp\/v2\/posts\/2630\/revisions"}],"predecessor-version":[{"id":2644,"href":"https:\/\/pombalpt.pt\/index.php\/wp-json\/wp\/v2\/posts\/2630\/revisions\/2644"}],"wp:featuredmedia":[{"embeddable":true,"href":"https:\/\/pombalpt.pt\/index.php\/wp-json\/wp\/v2\/media\/2636"}],"wp:attachment":[{"href":"https:\/\/pombalpt.pt\/index.php\/wp-json\/wp\/v2\/media?parent=2630"}],"wp:term":[{"taxonomy":"category","embeddable":true,"href":"https:\/\/pombalpt.pt\/index.php\/wp-json\/wp\/v2\/categories?post=2630"},{"taxonomy":"post_tag","embeddable":true,"href":"https:\/\/pombalpt.pt\/index.php\/wp-json\/wp\/v2\/tags?post=2630"}],"curies":[{"name":"wp","href":"https:\/\/api.w.org\/{rel}","templated":true}]}}