{"id":2607,"date":"2025-08-07T20:54:47","date_gmt":"2025-08-07T20:54:47","guid":{"rendered":"https:\/\/pombalpt.pt\/?p=2607"},"modified":"2025-08-07T20:54:48","modified_gmt":"2025-08-07T20:54:48","slug":"bernardo-ferreira-e-pedro-rodrigues-representam-portugal-nos-europeus-de-atletismo-sub-20","status":"publish","type":"post","link":"https:\/\/pombalpt.pt\/index.php\/2025\/08\/07\/bernardo-ferreira-e-pedro-rodrigues-representam-portugal-nos-europeus-de-atletismo-sub-20\/","title":{"rendered":"Bernardo Ferreira e Pedro Rodrigues representam Portugal nos Europeus de Atletismo Sub-20"},"content":{"rendered":"\n<p><strong>Dois jovens atletas de Pombal, Bernardo Ferreira e Pedro Rodrigues, foram convocados para representar a sele\u00e7\u00e3o nacional nos Campeonatos da Europa de Atletismo de Sub-20, que se realizam em Tampere, na Finl\u00e2ndia, entre esta quinta-feira, 7 de agosto, e o pr\u00f3ximo domingo, dia 10.<\/strong><\/p>\n\n\n\n<p><strong>Bernardo Ferreira<\/strong>, atleta do Sporting Clube de Portugal, com apenas 19 anos, integrar\u00e1 a equipa da <strong>estafeta de 4&#215;100 metros<\/strong>. A convocat\u00f3ria surge num momento de grande expectativa, uma vez que a equipa portuguesa apresenta a terceira melhor marca da Europa na categoria (39s98), o que a coloca como uma forte candidata \u00e0s medalhas. O clube do atleta destacou que \u201cesta convocat\u00f3ria reflete e recompensa o trabalho desenvolvido pelo Bernardo ao longo dos \u00faltimos anos na modalidade\u201d, sublinhando o m\u00e9rito e a dedica\u00e7\u00e3o do jovem pombalense.<\/p>\n\n\n\n<p>Na mesma competi\u00e7\u00e3o, <strong>Pedro Rodrigues<\/strong> ir\u00e1 competir na final direta dos <strong>5000 metros<\/strong>, uma das provas de meio-fundo mais exigentes do atletismo. A sua corrida est\u00e1 agendada para o dia 8 de agosto, onde o atleta de Pombal ter\u00e1 a oportunidade de medir for\u00e7as com os melhores da Europa na sua faixa et\u00e1ria.<\/p>\n\n\n\n<p>A presen\u00e7a de dois atletas do concelho num palco europeu de t\u00e3o grande prest\u00edgio \u00e9 um motivo de orgulho para a comunidade de Pombal e um testemunho da qualidade da forma\u00e7\u00e3o desportiva na regi\u00e3o.<\/p>\n\n\n\n<p><\/p>\n","protected":false},"excerpt":{"rendered":"<p>Dois jovens atletas de Pombal, Bernardo Ferreira e Pedro Rodrigues, foram convocados para representar a sele\u00e7\u00e3o nacional nos Campeonatos da Europa de Atletismo de Sub-20, [&hellip;]<\/p>\n","protected":false},"author":1,"featured_media":2612,"comment_status":"open","ping_status":"open","sticky":false,"template":"","format":"standard","meta":{"_monsterinsights_skip_tracking":false,"_monsterinsights_sitenote_active":false,"_monsterinsights_sitenote_note":"","_monsterinsights_sitenote_category":0,"_uf_show_specific_survey":0,"_uf_disable_surveys":false,"_jetpack_memberships_contains_paid_content":false,"footnotes":"","jetpack_publicize_message":"","jetpack_publicize_feature_enabled":true,"jetpack_social_post_already_shared":true,"jetpack_social_options":{"image_generator_settings":{"template":"highway","default_image_id":0,"enabled":false},"version":2}},"categories":[1],"tags":[],"class_list":["post-2607","post","type-post","status-publish","format-standard","has-post-thumbnail","hentry","category-nioticias"],"aioseo_notices":[],"jetpack_publicize_connections":[],"jetpack_featured_media_url":"https:\/\/pombalpt.pt\/wp-content\/uploads\/2025\/08\/Sem-Titulo-1222.jpg","jetpack_sharing_enabled":true,"_links":{"self":[{"href":"https:\/\/pombalpt.pt\/index.php\/wp-json\/wp\/v2\/posts\/2607","targetHints":{"allow":["GET"]}}],"collection":[{"href":"https:\/\/pombalpt.pt\/index.php\/wp-json\/wp\/v2\/posts"}],"about":[{"href":"https:\/\/pombalpt.pt\/index.php\/wp-json\/wp\/v2\/types\/post"}],"author":[{"embeddable":true,"href":"https:\/\/pombalpt.pt\/index.php\/wp-json\/wp\/v2\/users\/1"}],"replies":[{"embeddable":true,"href":"https:\/\/pombalpt.pt\/index.php\/wp-json\/wp\/v2\/comments?post=2607"}],"version-history":[{"count":1,"href":"https:\/\/pombalpt.pt\/index.php\/wp-json\/wp\/v2\/posts\/2607\/revisions"}],"predecessor-version":[{"id":2613,"href":"https:\/\/pombalpt.pt\/index.php\/wp-json\/wp\/v2\/posts\/2607\/revisions\/2613"}],"wp:featuredmedia":[{"embeddable":true,"href":"https:\/\/pombalpt.pt\/index.php\/wp-json\/wp\/v2\/media\/2612"}],"wp:attachment":[{"href":"https:\/\/pombalpt.pt\/index.php\/wp-json\/wp\/v2\/media?parent=2607"}],"wp:term":[{"taxonomy":"category","embeddable":true,"href":"https:\/\/pombalpt.pt\/index.php\/wp-json\/wp\/v2\/categories?post=2607"},{"taxonomy":"post_tag","embeddable":true,"href":"https:\/\/pombalpt.pt\/index.php\/wp-json\/wp\/v2\/tags?post=2607"}],"curies":[{"name":"wp","href":"https:\/\/api.w.org\/{rel}","templated":true}]}}