{"id":2602,"date":"2025-08-02T23:05:33","date_gmt":"2025-08-02T23:05:33","guid":{"rendered":"https:\/\/pombalpt.pt\/?p=2602"},"modified":"2025-08-02T23:05:34","modified_gmt":"2025-08-02T23:05:34","slug":"governo-declara-situacao-de-alerta-em-todo-o-territorio-continental-devido-a-risco-muito-elevado-de-incendios-rurais","status":"publish","type":"post","link":"https:\/\/pombalpt.pt\/index.php\/2025\/08\/02\/governo-declara-situacao-de-alerta-em-todo-o-territorio-continental-devido-a-risco-muito-elevado-de-incendios-rurais\/","title":{"rendered":"Governo Declara Situa\u00e7\u00e3o de Alerta em Todo o Territ\u00f3rio Continental Devido a Risco Muito Elevado de Inc\u00eandios Rurais"},"content":{"rendered":"\n<p>O Governo decretou Situa\u00e7\u00e3o de Alerta para todo o territ\u00f3rio do continente entre as 00h00 de domingo, 3 de agosto, e as 23h59 de quinta-feira, 7 de agosto, em resposta ao agravamento das condi\u00e7\u00f5es meteorol\u00f3gicas e ao risco muito elevado de inc\u00eandios rurais em grande parte do pa\u00eds.<\/p>\n\n\n\n<p>A decis\u00e3o foi tomada de forma coordenada por v\u00e1rios minist\u00e9rios \u2014 incluindo Defesa Nacional, Administra\u00e7\u00e3o Interna, Sa\u00fade, Ambiente e Energia, Agricultura e Mar, entre outros \u2014 na sequ\u00eancia da eleva\u00e7\u00e3o do estado de alerta especial do Sistema Integrado de Opera\u00e7\u00f5es de Prote\u00e7\u00e3o e Socorro (SIOPS).<\/p>\n\n\n\n<p>Durante este per\u00edodo, ser\u00e3o implementadas <strong>medidas excecionais de prote\u00e7\u00e3o e preven\u00e7\u00e3o<\/strong>, tais como:<\/p>\n\n\n\n<ul class=\"wp-block-list\">\n<li>Proibi\u00e7\u00e3o de acesso, circula\u00e7\u00e3o e perman\u00eancia em espa\u00e7os florestais e caminhos rurais identificados nos Planos Municipais de Defesa da Floresta Contra Inc\u00eandios;<\/li>\n\n\n\n<li>Proibi\u00e7\u00e3o total de queimadas e queimas de sobrantes, incluindo a suspens\u00e3o de autoriza\u00e7\u00f5es previamente emitidas;<\/li>\n\n\n\n<li>Proibi\u00e7\u00e3o de utiliza\u00e7\u00e3o de maquinaria em \u00e1reas florestais e rurais que representem risco de igni\u00e7\u00e3o;<\/li>\n\n\n\n<li>Suspens\u00e3o da utiliza\u00e7\u00e3o de fogo-de-artif\u00edcio e outros artefactos pirot\u00e9cnicos, com anula\u00e7\u00e3o das respetivas licen\u00e7as.<\/li>\n<\/ul>\n\n\n\n<p>O <strong>dispositivo operacional de combate a inc\u00eandios<\/strong> tamb\u00e9m ser\u00e1 refor\u00e7ado, com:<\/p>\n\n\n\n<ul class=\"wp-block-list\">\n<li>Eleva\u00e7\u00e3o do grau de prontid\u00e3o da GNR, PSP, bombeiros e For\u00e7as Armadas;<\/li>\n\n\n\n<li>Refor\u00e7o da mobiliza\u00e7\u00e3o de sapadores florestais, agentes e vigilantes da natureza;<\/li>\n\n\n\n<li>Disponibiliza\u00e7\u00e3o imediata de equipas de emerg\u00eancia m\u00e9dica e de apoio social;<\/li>\n\n\n\n<li>A\u00e7\u00f5es intensivas de patrulhamento e fiscaliza\u00e7\u00e3o terrestre e a\u00e9rea, especialmente nos distritos sob risco m\u00e1ximo.<\/li>\n<\/ul>\n\n\n\n<p>Em declara\u00e7\u00e3o p\u00fablica, a Ministra da Administra\u00e7\u00e3o Interna, Maria L\u00facia Amaral, alertou para a gravidade da situa\u00e7\u00e3o:<\/p>\n\n\n\n<blockquote class=\"wp-block-quote is-layout-flow wp-block-quote-is-layout-flow\">\n<p>\u201cA pr\u00f3xima semana ser\u00e1 dif\u00edcil. Todo o dispositivo de combate aos inc\u00eandios est\u00e1 pronto e mobilizado.\u201d<\/p>\n<\/blockquote>\n\n\n\n<p>A Ministra aproveitou ainda para reconhecer o esfor\u00e7o das for\u00e7as envolvidas e apelar \u00e0 responsabilidade da popula\u00e7\u00e3o:<\/p>\n\n\n\n<blockquote class=\"wp-block-quote is-layout-flow wp-block-quote-is-layout-flow\">\n<p>\u201cConfiem nos nossos bombeiros, na nossa Prote\u00e7\u00e3o Civil e nas nossas autoridades. O sucesso no combate aos inc\u00eandios rurais depende de todos n\u00f3s. A a\u00e7\u00e3o de todos, consciente e preventiva, \u00e9 indispens\u00e1vel. Somos todos parte da solu\u00e7\u00e3o.\u201d<\/p>\n<\/blockquote>\n\n\n\n<p>A <strong>Autoridade Nacional de Emerg\u00eancia e Prote\u00e7\u00e3o Civil (ANEPC)<\/strong> continuar\u00e1 a emitir avisos regulares \u00e0 popula\u00e7\u00e3o, com base nas previs\u00f5es do Instituto Portugu\u00eas do Mar e da Atmosfera (IPMA).<\/p>\n\n\n\n<p>O Governo apela ao <strong>estrito cumprimento das proibi\u00e7\u00f5es em vigor<\/strong> e \u00e0 colabora\u00e7\u00e3o com as autoridades, refor\u00e7ando que a preven\u00e7\u00e3o \u00e9 essencial para proteger vidas, patrim\u00f3nio e o ambiente.<\/p>\n\n\n\n<p><\/p>\n","protected":false},"excerpt":{"rendered":"<p>O Governo decretou Situa\u00e7\u00e3o de Alerta para todo o territ\u00f3rio do continente entre as 00h00 de domingo, 3 de agosto, e as 23h59 de quinta-feira, [&hellip;]<\/p>\n","protected":false},"author":1,"featured_media":2603,"comment_status":"open","ping_status":"open","sticky":false,"template":"","format":"standard","meta":{"_monsterinsights_skip_tracking":false,"_monsterinsights_sitenote_active":false,"_monsterinsights_sitenote_note":"","_monsterinsights_sitenote_category":0,"_uf_show_specific_survey":0,"_uf_disable_surveys":false,"_jetpack_memberships_contains_paid_content":false,"footnotes":"","jetpack_publicize_message":"","jetpack_publicize_feature_enabled":true,"jetpack_social_post_already_shared":true,"jetpack_social_options":{"image_generator_settings":{"template":"highway","default_image_id":0,"enabled":false},"version":2}},"categories":[4],"tags":[],"class_list":["post-2602","post","type-post","status-publish","format-standard","has-post-thumbnail","hentry","category-informacao"],"aioseo_notices":[],"jetpack_publicize_connections":[],"jetpack_featured_media_url":"https:\/\/pombalpt.pt\/wp-content\/uploads\/2025\/08\/DOC.20250729.45404796.ES2020250729-810x443-1.jpg","jetpack_sharing_enabled":true,"_links":{"self":[{"href":"https:\/\/pombalpt.pt\/index.php\/wp-json\/wp\/v2\/posts\/2602","targetHints":{"allow":["GET"]}}],"collection":[{"href":"https:\/\/pombalpt.pt\/index.php\/wp-json\/wp\/v2\/posts"}],"about":[{"href":"https:\/\/pombalpt.pt\/index.php\/wp-json\/wp\/v2\/types\/post"}],"author":[{"embeddable":true,"href":"https:\/\/pombalpt.pt\/index.php\/wp-json\/wp\/v2\/users\/1"}],"replies":[{"embeddable":true,"href":"https:\/\/pombalpt.pt\/index.php\/wp-json\/wp\/v2\/comments?post=2602"}],"version-history":[{"count":1,"href":"https:\/\/pombalpt.pt\/index.php\/wp-json\/wp\/v2\/posts\/2602\/revisions"}],"predecessor-version":[{"id":2604,"href":"https:\/\/pombalpt.pt\/index.php\/wp-json\/wp\/v2\/posts\/2602\/revisions\/2604"}],"wp:featuredmedia":[{"embeddable":true,"href":"https:\/\/pombalpt.pt\/index.php\/wp-json\/wp\/v2\/media\/2603"}],"wp:attachment":[{"href":"https:\/\/pombalpt.pt\/index.php\/wp-json\/wp\/v2\/media?parent=2602"}],"wp:term":[{"taxonomy":"category","embeddable":true,"href":"https:\/\/pombalpt.pt\/index.php\/wp-json\/wp\/v2\/categories?post=2602"},{"taxonomy":"post_tag","embeddable":true,"href":"https:\/\/pombalpt.pt\/index.php\/wp-json\/wp\/v2\/tags?post=2602"}],"curies":[{"name":"wp","href":"https:\/\/api.w.org\/{rel}","templated":true}]}}