{"id":2594,"date":"2025-08-01T11:35:50","date_gmt":"2025-08-01T11:35:50","guid":{"rendered":"https:\/\/pombalpt.pt\/?p=2594"},"modified":"2025-08-01T11:35:52","modified_gmt":"2025-08-01T11:35:52","slug":"festival-sete-sois-sete-luas-recebe-ana-sofia-paiva-e-simon-frankel-em-espetaculo-de-narracao-e-memoria-cultural","status":"publish","type":"post","link":"https:\/\/pombalpt.pt\/index.php\/2025\/08\/01\/festival-sete-sois-sete-luas-recebe-ana-sofia-paiva-e-simon-frankel-em-espetaculo-de-narracao-e-memoria-cultural\/","title":{"rendered":"Festival Sete S\u00f3is Sete Luas recebe Ana Sofia Paiva e Simon Frankel em espet\u00e1culo de narra\u00e7\u00e3o e mem\u00f3ria cultural"},"content":{"rendered":"\n<p>O Festival Sete S\u00f3is Sete Luas continua a iluminar o ver\u00e3o com talento e diversidade cultural, desta vez com a participa\u00e7\u00e3o de dois nomes incontorn\u00e1veis da narra\u00e7\u00e3o e das artes c\u00e9nicas: <strong>Ana Sofia Paiva<\/strong> e <strong>Simon Frankel<\/strong>.<\/p>\n\n\n\n<p>Com o espet\u00e1culo <strong>&#8220;Cinco Pontas Tem a Estrela&#8221;<\/strong>, os artistas convidam o p\u00fablico a refletir sobre as estrelas que nos guiam \u2013 sejam elas pessoas, hist\u00f3rias ou ideais. Uma met\u00e1fora po\u00e9tica que liga o passado ao presente, a tradi\u00e7\u00e3o \u00e0 cria\u00e7\u00e3o contempor\u00e2nea, atrav\u00e9s da arte da palavra dita.<\/p>\n\n\n\n<p><strong>Ana Sofia Paiva<\/strong>, natural de Lisboa, \u00e9 uma refer\u00eancia no mundo da narra\u00e7\u00e3o oral. Formada em Teatro pela Escola Superior de Teatro e Cinema e especializada em Promo\u00e7\u00e3o e Media\u00e7\u00e3o da Leitura pela Universidade do Algarve, desenvolve desde 2007 um trabalho not\u00e1vel de recolha e partilha de contos tradicionais em Portugal e no estrangeiro. Integra o Instituto de Estudos de Literatura Tradicional da Universidade Nova de Lisboa e a Cooperativa Mem\u00f3ria Imaterial, contribuindo ativamente para a preserva\u00e7\u00e3o do folclore po\u00e9tico e narrativo.<\/p>\n\n\n\n<p><strong>Simon Frankel<\/strong>, nascido em Melbourne, Austr\u00e1lia, e tamb\u00e9m diplomado pela Escola Superior de Teatro e Cinema, construiu uma carreira vers\u00e1til como ator, formador, locutor e dobrador bil\u00edngue. De nacionalidade portuguesa, atua em m\u00faltiplos palcos \u2013 do teatro \u00e0 televis\u00e3o, do cinema \u00e0 narra\u00e7\u00e3o \u2013 levando a sua voz a p\u00fablicos diversos.<\/p>\n\n\n\n<p>Juntos, Ana Sofia e Simon dar\u00e3o vida a uma performance onde a palavra se transforma em luz, como uma estrela de cinco pontas \u2013 firme, aberta e pronta para lutar pela mem\u00f3ria e identidade coletiva.<\/p>\n\n\n\n<p>O espet\u00e1culo integra a programa\u00e7\u00e3o do Festival Sete S\u00f3is Sete Luas, que celebra o encontro de culturas mediterr\u00e2nicas e lus\u00f3fonas atrav\u00e9s da m\u00fasica, da literatura, do teatro e da arte popular.<\/p>\n","protected":false},"excerpt":{"rendered":"<p>O Festival Sete S\u00f3is Sete Luas continua a iluminar o ver\u00e3o com talento e diversidade cultural, desta vez com a participa\u00e7\u00e3o de dois nomes incontorn\u00e1veis [&hellip;]<\/p>\n","protected":false},"author":1,"featured_media":2595,"comment_status":"open","ping_status":"open","sticky":false,"template":"","format":"standard","meta":{"_monsterinsights_skip_tracking":false,"_monsterinsights_sitenote_active":false,"_monsterinsights_sitenote_note":"","_monsterinsights_sitenote_category":0,"_uf_show_specific_survey":0,"_uf_disable_surveys":false,"_jetpack_memberships_contains_paid_content":false,"footnotes":"","jetpack_publicize_message":"","jetpack_publicize_feature_enabled":true,"jetpack_social_post_already_shared":true,"jetpack_social_options":{"image_generator_settings":{"template":"highway","default_image_id":0,"enabled":false},"version":2}},"categories":[1],"tags":[],"class_list":["post-2594","post","type-post","status-publish","format-standard","has-post-thumbnail","hentry","category-nioticias"],"aioseo_notices":[],"jetpack_publicize_connections":[],"jetpack_featured_media_url":"https:\/\/pombalpt.pt\/wp-content\/uploads\/2025\/08\/526059081_1038091711867220_5994980129537948928_n.jpg","jetpack_sharing_enabled":true,"_links":{"self":[{"href":"https:\/\/pombalpt.pt\/index.php\/wp-json\/wp\/v2\/posts\/2594","targetHints":{"allow":["GET"]}}],"collection":[{"href":"https:\/\/pombalpt.pt\/index.php\/wp-json\/wp\/v2\/posts"}],"about":[{"href":"https:\/\/pombalpt.pt\/index.php\/wp-json\/wp\/v2\/types\/post"}],"author":[{"embeddable":true,"href":"https:\/\/pombalpt.pt\/index.php\/wp-json\/wp\/v2\/users\/1"}],"replies":[{"embeddable":true,"href":"https:\/\/pombalpt.pt\/index.php\/wp-json\/wp\/v2\/comments?post=2594"}],"version-history":[{"count":1,"href":"https:\/\/pombalpt.pt\/index.php\/wp-json\/wp\/v2\/posts\/2594\/revisions"}],"predecessor-version":[{"id":2596,"href":"https:\/\/pombalpt.pt\/index.php\/wp-json\/wp\/v2\/posts\/2594\/revisions\/2596"}],"wp:featuredmedia":[{"embeddable":true,"href":"https:\/\/pombalpt.pt\/index.php\/wp-json\/wp\/v2\/media\/2595"}],"wp:attachment":[{"href":"https:\/\/pombalpt.pt\/index.php\/wp-json\/wp\/v2\/media?parent=2594"}],"wp:term":[{"taxonomy":"category","embeddable":true,"href":"https:\/\/pombalpt.pt\/index.php\/wp-json\/wp\/v2\/categories?post=2594"},{"taxonomy":"post_tag","embeddable":true,"href":"https:\/\/pombalpt.pt\/index.php\/wp-json\/wp\/v2\/tags?post=2594"}],"curies":[{"name":"wp","href":"https:\/\/api.w.org\/{rel}","templated":true}]}}