{"id":2591,"date":"2025-08-01T11:01:50","date_gmt":"2025-08-01T11:01:50","guid":{"rendered":"https:\/\/pombalpt.pt\/?p=2591"},"modified":"2025-08-01T11:01:52","modified_gmt":"2025-08-01T11:01:52","slug":"festival-sete-sois-sete-luas-traz-fusao-musical-internacional-ao-centro-de-pombal","status":"publish","type":"post","link":"https:\/\/pombalpt.pt\/index.php\/2025\/08\/01\/festival-sete-sois-sete-luas-traz-fusao-musical-internacional-ao-centro-de-pombal\/","title":{"rendered":"Festival Sete S\u00f3is Sete Luas traz fus\u00e3o musical internacional ao centro de Pombal."},"content":{"rendered":"\n<p>O Jardim do Cardal, no cora\u00e7\u00e3o da cidade de Pombal, prepara-se para receber uma explos\u00e3o de sons e culturas neste s\u00e1bado, 2 de agosto, a partir das 22h00. No \u00e2mbito do Festival Sete S\u00f3is Sete Luas, ser\u00e1 apresentado o concerto <strong>\u201cMusic Beyond Ideology\u201d<\/strong>, uma produ\u00e7\u00e3o musical original do festival que far\u00e1 a sua <strong>estreia nacional<\/strong> em Portugal.<\/p>\n\n\n\n<p>Este espet\u00e1culo promete uma viagem sonora que ultrapassa fronteiras, reunindo m\u00fasicos de diferentes origens e tradi\u00e7\u00f5es. O guitarrista <strong>Teo Collori<\/strong>, uma das principais figuras da cena jazz\u00edstica eslovena, lidera o projeto e junta-se \u00e0 talentosa cantora toscana <strong>Paola Bivona<\/strong>, ao multi-instrumentista sudan\u00eas <strong>El Wafir<\/strong>, ao baixista esloveno <strong>Jost Lampret<\/strong> e ao m\u00fasico ucraniano-judeu <strong>Mikhail Levit<\/strong>, que tamb\u00e9m se destaca com o instrumento tip tap.<\/p>\n\n\n\n<p>O resultado \u00e9 um concerto vibrante, que mistura influ\u00eancias da <strong>m\u00fasica gitana, \u00e1rabe, judaica e italiana<\/strong>, oferecendo ao p\u00fablico uma experi\u00eancia musical \u00fanica e inesquec\u00edvel, pautada pela diversidade e pelo di\u00e1logo intercultural.<\/p>\n\n\n\n<p>O Festival Sete S\u00f3is Sete Luas, conhecido pela sua miss\u00e3o de promover a arte e a m\u00fasica do mundo lus\u00f3fono e mediterr\u00e2nico, refor\u00e7a com esta produ\u00e7\u00e3o o seu compromisso com a cria\u00e7\u00e3o art\u00edstica contempor\u00e2nea e a valoriza\u00e7\u00e3o da diversidade cultural.<\/p>\n\n\n\n<p><\/p>\n","protected":false},"excerpt":{"rendered":"<p>O Jardim do Cardal, no cora\u00e7\u00e3o da cidade de Pombal, prepara-se para receber uma explos\u00e3o de sons e culturas neste s\u00e1bado, 2 de agosto, a [&hellip;]<\/p>\n","protected":false},"author":1,"featured_media":2592,"comment_status":"open","ping_status":"open","sticky":false,"template":"","format":"standard","meta":{"_monsterinsights_skip_tracking":false,"_monsterinsights_sitenote_active":false,"_monsterinsights_sitenote_note":"","_monsterinsights_sitenote_category":0,"_uf_show_specific_survey":0,"_uf_disable_surveys":false,"_jetpack_memberships_contains_paid_content":false,"footnotes":"","jetpack_publicize_message":"","jetpack_publicize_feature_enabled":true,"jetpack_social_post_already_shared":true,"jetpack_social_options":{"image_generator_settings":{"template":"highway","default_image_id":0,"enabled":false},"version":2}},"categories":[10],"tags":[],"class_list":["post-2591","post","type-post","status-publish","format-standard","has-post-thumbnail","hentry","category-cultura"],"aioseo_notices":[],"jetpack_publicize_connections":[],"jetpack_featured_media_url":"https:\/\/pombalpt.pt\/wp-content\/uploads\/2025\/08\/525910141_1038098331866558_6448906925114585906_n.jpg","jetpack_sharing_enabled":true,"_links":{"self":[{"href":"https:\/\/pombalpt.pt\/index.php\/wp-json\/wp\/v2\/posts\/2591","targetHints":{"allow":["GET"]}}],"collection":[{"href":"https:\/\/pombalpt.pt\/index.php\/wp-json\/wp\/v2\/posts"}],"about":[{"href":"https:\/\/pombalpt.pt\/index.php\/wp-json\/wp\/v2\/types\/post"}],"author":[{"embeddable":true,"href":"https:\/\/pombalpt.pt\/index.php\/wp-json\/wp\/v2\/users\/1"}],"replies":[{"embeddable":true,"href":"https:\/\/pombalpt.pt\/index.php\/wp-json\/wp\/v2\/comments?post=2591"}],"version-history":[{"count":1,"href":"https:\/\/pombalpt.pt\/index.php\/wp-json\/wp\/v2\/posts\/2591\/revisions"}],"predecessor-version":[{"id":2593,"href":"https:\/\/pombalpt.pt\/index.php\/wp-json\/wp\/v2\/posts\/2591\/revisions\/2593"}],"wp:featuredmedia":[{"embeddable":true,"href":"https:\/\/pombalpt.pt\/index.php\/wp-json\/wp\/v2\/media\/2592"}],"wp:attachment":[{"href":"https:\/\/pombalpt.pt\/index.php\/wp-json\/wp\/v2\/media?parent=2591"}],"wp:term":[{"taxonomy":"category","embeddable":true,"href":"https:\/\/pombalpt.pt\/index.php\/wp-json\/wp\/v2\/categories?post=2591"},{"taxonomy":"post_tag","embeddable":true,"href":"https:\/\/pombalpt.pt\/index.php\/wp-json\/wp\/v2\/tags?post=2591"}],"curies":[{"name":"wp","href":"https:\/\/api.w.org\/{rel}","templated":true}]}}