{"id":2566,"date":"2025-07-26T07:58:59","date_gmt":"2025-07-26T07:58:59","guid":{"rendered":"https:\/\/pombalpt.pt\/?p=2566"},"modified":"2025-07-26T08:02:19","modified_gmt":"2025-07-26T08:02:19","slug":"cercipom-apresenta-exposicao-arte-pla-metade-nas-festas-do-bodo","status":"publish","type":"post","link":"https:\/\/pombalpt.pt\/index.php\/2025\/07\/26\/cercipom-apresenta-exposicao-arte-pla-metade-nas-festas-do-bodo\/","title":{"rendered":"CERCIPOM apresenta exposi\u00e7\u00e3o \u201cArte P\u2019la Metade\u201d nas Festas do Bodo"},"content":{"rendered":"\n<p class=\"has-white-color has-white-background-color has-text-color has-background has-link-color wp-elements-ebb7019c0a6001e5d723d8c65968f64a\"><a href=\"https:\/\/pombalpt.pt\/index.php\/2025\/07\/26\/cercipom-apresenta-exposicao-arte-pla-metade-nas-festas-do-bodo\/\" target=\"_blank\" rel=\"noreferrer noopener\"><\/a><\/p>\n\n\n\n<figure class=\"wp-block-image size-large is-resized\"><img fetchpriority=\"high\" decoding=\"async\" width=\"768\" height=\"1024\" src=\"https:\/\/pombalpt.pt\/wp-content\/uploads\/2025\/07\/exposicao-cercipom-768x1024.jpg\" alt=\"\" class=\"wp-image-2583\" style=\"width:386px;height:auto\" srcset=\"https:\/\/pombalpt.pt\/wp-content\/uploads\/2025\/07\/exposicao-cercipom-768x1024.jpg 768w, https:\/\/pombalpt.pt\/wp-content\/uploads\/2025\/07\/exposicao-cercipom-225x300.jpg 225w, https:\/\/pombalpt.pt\/wp-content\/uploads\/2025\/07\/exposicao-cercipom-1152x1536.jpg 1152w, https:\/\/pombalpt.pt\/wp-content\/uploads\/2025\/07\/exposicao-cercipom.jpg 1536w\" sizes=\"(max-width: 768px) 100vw, 768px\" \/><\/figure>\n\n\n\n<p>A Cercipom marca presen\u00e7a nas emblem\u00e1ticas Festas do Bodo com a exposi\u00e7\u00e3o <strong>\u201cArte P\u2019la Metade\u201d<\/strong>, que poder\u00e1 ser visitada nos Claustros do edif\u00edcio da C\u00e2mara Municipal de Pombal.<\/p>\n\n\n\n<p>Esta mostra integra-se no <strong>Projeto Arte na 1\u00aa Pessoa<\/strong>, uma iniciativa apoiada pelo <strong>BPI Capacitar Funda\u00e7\u00e3o &#8220;la Caixa&#8221;<\/strong> e pela <strong>C\u00e2mara Municipal de Pombal<\/strong>, e tem como objetivo divulgar o trabalho art\u00edstico desenvolvido nas oficinas dinamizadas pela institui\u00e7\u00e3o.<\/p>\n\n\n\n<p>A exposi\u00e7\u00e3o apresenta cria\u00e7\u00f5es \u00fanicas nas \u00e1reas de:<\/p>\n\n\n\n<ul class=\"wp-block-list\">\n<li><strong>Cer\u00e2mica<\/strong><\/li>\n\n\n\n<li><strong>Mosaico<\/strong><\/li>\n\n\n\n<li><strong>Fotografia<\/strong><\/li>\n<\/ul>\n\n\n\n<p>Estes trabalhos refletem a express\u00e3o pessoal, o talento e a dedica\u00e7\u00e3o dos participantes das oficinas, promovendo a inclus\u00e3o, a criatividade e a valoriza\u00e7\u00e3o das pessoas com defici\u00eancia.<\/p>\n\n\n\n<p><\/p>\n","protected":false},"excerpt":{"rendered":"<p>A Cercipom marca presen\u00e7a nas emblem\u00e1ticas Festas do Bodo com a exposi\u00e7\u00e3o \u201cArte P\u2019la Metade\u201d, que poder\u00e1 ser visitada nos Claustros do edif\u00edcio da C\u00e2mara [&hellip;]<\/p>\n","protected":false},"author":1,"featured_media":0,"comment_status":"open","ping_status":"open","sticky":false,"template":"","format":"standard","meta":{"_monsterinsights_skip_tracking":false,"_monsterinsights_sitenote_active":false,"_monsterinsights_sitenote_note":"","_monsterinsights_sitenote_category":0,"_uf_show_specific_survey":0,"_uf_disable_surveys":false,"_jetpack_memberships_contains_paid_content":false,"footnotes":"","jetpack_publicize_message":"","jetpack_publicize_feature_enabled":true,"jetpack_social_post_already_shared":true,"jetpack_social_options":{"image_generator_settings":{"template":"highway","default_image_id":0,"enabled":false},"version":2}},"categories":[10,1],"tags":[],"class_list":["post-2566","post","type-post","status-publish","format-standard","hentry","category-cultura","category-nioticias"],"aioseo_notices":[],"jetpack_publicize_connections":[],"jetpack_featured_media_url":"","jetpack_sharing_enabled":true,"_links":{"self":[{"href":"https:\/\/pombalpt.pt\/index.php\/wp-json\/wp\/v2\/posts\/2566","targetHints":{"allow":["GET"]}}],"collection":[{"href":"https:\/\/pombalpt.pt\/index.php\/wp-json\/wp\/v2\/posts"}],"about":[{"href":"https:\/\/pombalpt.pt\/index.php\/wp-json\/wp\/v2\/types\/post"}],"author":[{"embeddable":true,"href":"https:\/\/pombalpt.pt\/index.php\/wp-json\/wp\/v2\/users\/1"}],"replies":[{"embeddable":true,"href":"https:\/\/pombalpt.pt\/index.php\/wp-json\/wp\/v2\/comments?post=2566"}],"version-history":[{"count":3,"href":"https:\/\/pombalpt.pt\/index.php\/wp-json\/wp\/v2\/posts\/2566\/revisions"}],"predecessor-version":[{"id":2587,"href":"https:\/\/pombalpt.pt\/index.php\/wp-json\/wp\/v2\/posts\/2566\/revisions\/2587"}],"wp:attachment":[{"href":"https:\/\/pombalpt.pt\/index.php\/wp-json\/wp\/v2\/media?parent=2566"}],"wp:term":[{"taxonomy":"category","embeddable":true,"href":"https:\/\/pombalpt.pt\/index.php\/wp-json\/wp\/v2\/categories?post=2566"},{"taxonomy":"post_tag","embeddable":true,"href":"https:\/\/pombalpt.pt\/index.php\/wp-json\/wp\/v2\/tags?post=2566"}],"curies":[{"name":"wp","href":"https:\/\/api.w.org\/{rel}","templated":true}]}}