{"id":2556,"date":"2025-07-16T11:37:03","date_gmt":"2025-07-16T11:37:03","guid":{"rendered":"https:\/\/pombalpt.pt\/?p=2556"},"modified":"2025-07-16T11:37:03","modified_gmt":"2025-07-16T11:37:03","slug":"pombal-assinala-dia-europeu-das-vitimas-da-crise-climatica-com-mural-colaborativo-em-homenagem-as-vitimas-dos-fenomenos-extremos","status":"publish","type":"post","link":"https:\/\/pombalpt.pt\/index.php\/2025\/07\/16\/pombal-assinala-dia-europeu-das-vitimas-da-crise-climatica-com-mural-colaborativo-em-homenagem-as-vitimas-dos-fenomenos-extremos\/","title":{"rendered":"Pombal assinala Dia Europeu das V\u00edtimas da Crise Clim\u00e1tica com mural colaborativo em homenagem \u00e0s v\u00edtimas dos fen\u00f3menos extremos"},"content":{"rendered":"\n<p>No \u00e2mbito do Dia Europeu das V\u00edtimas da Crise Clim\u00e1tica, est\u00e1 a ser pintado um mural colaborativo na Rua Fidalgo Aprendiz, em Pombal, numa homenagem comovente \u00e0s v\u00edtimas das altera\u00e7\u00f5es clim\u00e1ticas em Portugal, como os inc\u00eandios florestais, as ondas de calor, as secas e as cheias. A obra, da autoria do artista e ilustrador Frio, reconhecido pelo seu trabalho em causas sociais e ambientais, presta tributo \u00e0s vidas perdidas e alerta para a gravidade dos fen\u00f3menos extremos que afetam cada vez mais o territ\u00f3rio nacional.<\/p>\n\n\n\n<p>A iniciativa \u00e9 promovida pela associa\u00e7\u00e3o \u00daltimo Recurso, pelo Pacto Clim\u00e1tico Europeu \u2014 uma componente do Pacto Ecol\u00f3gico Europeu da Uni\u00e3o Europeia \u2014 e pelo Munic\u00edpio de Pombal. Mais do que uma obra de arte, o mural pretende despertar consci\u00eancias para a crescente amea\u00e7a que as altera\u00e7\u00f5es clim\u00e1ticas representam, chamando a aten\u00e7\u00e3o para as suas consequ\u00eancias humanas, muitas vezes evit\u00e1veis, mas ainda subvalorizadas.<\/p>\n\n\n\n<p>O mural destaca particularmente as v\u00edtimas dos tr\u00e1gicos inc\u00eandios de 2017 em Pedr\u00f3g\u00e3o Grande, mas n\u00e3o esquece as perdas cont\u00ednuas de habita\u00e7\u00f5es, meios de subsist\u00eancia e ecossistemas, que resultam dos impactos cada vez mais frequentes e intensos da crise clim\u00e1tica.<\/p>\n\n\n\n<p>Paralelamente \u00e0 pintura do mural, teve lugar uma conversa com representantes das entidades promotoras, moderada por Joana Guerra Tadeu \u2014 ativista ambiental e autora do projeto <em>Ambientalista Imperfeita<\/em>. O momento serviu de reflex\u00e3o sobre o papel das comunidades e das pol\u00edticas p\u00fablicas na mitiga\u00e7\u00e3o e adapta\u00e7\u00e3o \u00e0s altera\u00e7\u00f5es clim\u00e1ticas, refor\u00e7ando a necessidade urgente de a\u00e7\u00e3o coletiva.<\/p>\n\n\n\n<p>A cidade de Pombal junta-se, assim, a uma rede crescente de munic\u00edpios e cidad\u00e3os empenhados em transformar a mem\u00f3ria em mobiliza\u00e7\u00e3o, atrav\u00e9s da arte e do di\u00e1logo comunit\u00e1rio.<\/p>\n","protected":false},"excerpt":{"rendered":"<p>No \u00e2mbito do Dia Europeu das V\u00edtimas da Crise Clim\u00e1tica, est\u00e1 a ser pintado um mural colaborativo na Rua Fidalgo Aprendiz, em Pombal, numa homenagem [&hellip;]<\/p>\n","protected":false},"author":1,"featured_media":2557,"comment_status":"open","ping_status":"open","sticky":false,"template":"","format":"standard","meta":{"_monsterinsights_skip_tracking":false,"_monsterinsights_sitenote_active":false,"_monsterinsights_sitenote_note":"","_monsterinsights_sitenote_category":0,"_uf_show_specific_survey":0,"_uf_disable_surveys":false,"_jetpack_memberships_contains_paid_content":false,"footnotes":"","jetpack_publicize_message":"","jetpack_publicize_feature_enabled":true,"jetpack_social_post_already_shared":true,"jetpack_social_options":{"image_generator_settings":{"template":"highway","default_image_id":0,"enabled":false},"version":2}},"categories":[1],"tags":[],"class_list":["post-2556","post","type-post","status-publish","format-standard","has-post-thumbnail","hentry","category-nioticias"],"aioseo_notices":[],"jetpack_publicize_connections":[],"jetpack_featured_media_url":"https:\/\/pombalpt.pt\/wp-content\/uploads\/2025\/07\/518342198_1027267496282975_4238354284986188032_n.jpg","jetpack_sharing_enabled":true,"_links":{"self":[{"href":"https:\/\/pombalpt.pt\/index.php\/wp-json\/wp\/v2\/posts\/2556","targetHints":{"allow":["GET"]}}],"collection":[{"href":"https:\/\/pombalpt.pt\/index.php\/wp-json\/wp\/v2\/posts"}],"about":[{"href":"https:\/\/pombalpt.pt\/index.php\/wp-json\/wp\/v2\/types\/post"}],"author":[{"embeddable":true,"href":"https:\/\/pombalpt.pt\/index.php\/wp-json\/wp\/v2\/users\/1"}],"replies":[{"embeddable":true,"href":"https:\/\/pombalpt.pt\/index.php\/wp-json\/wp\/v2\/comments?post=2556"}],"version-history":[{"count":1,"href":"https:\/\/pombalpt.pt\/index.php\/wp-json\/wp\/v2\/posts\/2556\/revisions"}],"predecessor-version":[{"id":2558,"href":"https:\/\/pombalpt.pt\/index.php\/wp-json\/wp\/v2\/posts\/2556\/revisions\/2558"}],"wp:featuredmedia":[{"embeddable":true,"href":"https:\/\/pombalpt.pt\/index.php\/wp-json\/wp\/v2\/media\/2557"}],"wp:attachment":[{"href":"https:\/\/pombalpt.pt\/index.php\/wp-json\/wp\/v2\/media?parent=2556"}],"wp:term":[{"taxonomy":"category","embeddable":true,"href":"https:\/\/pombalpt.pt\/index.php\/wp-json\/wp\/v2\/categories?post=2556"},{"taxonomy":"post_tag","embeddable":true,"href":"https:\/\/pombalpt.pt\/index.php\/wp-json\/wp\/v2\/tags?post=2556"}],"curies":[{"name":"wp","href":"https:\/\/api.w.org\/{rel}","templated":true}]}}