{"id":2549,"date":"2025-07-15T12:19:41","date_gmt":"2025-07-15T12:19:41","guid":{"rendered":"https:\/\/pombalpt.pt\/?p=2549"},"modified":"2025-07-15T12:21:28","modified_gmt":"2025-07-15T12:21:28","slug":"2549","status":"publish","type":"post","link":"https:\/\/pombalpt.pt\/index.php\/2025\/07\/15\/2549\/","title":{"rendered":"Pombal acolhe 22.\u00aa edi\u00e7\u00e3o de \u201c14 Horas a Pedalar\u201d."},"content":{"rendered":"\n<p>A iniciativa ter\u00e1 lugar na Avenida Her\u00f3is do Ultramar e promete dois dias de conv\u00edvio, desporto e solidariedade, num ambiente festivo repleto de anima\u00e7\u00e3o musical, artes, arruadas, petiscos e bares. O evento inclui ainda dois tradicionais passeios de cicloturismo: o Passeio Noturno, na noite de s\u00e1bado, e o Passeio Domingueiro, na manh\u00e3 de domingo, percorrendo a cidade e os arredores.<\/p>\n\n\n\n<p>Este ano, a vertente solid\u00e1ria ganha destaque atrav\u00e9s de uma parceria com a empresa Electr\u00e3o, convidando os participantes e o p\u00fablico em geral a entregarem res\u00edduos el\u00e9tricos e eletrodom\u00e9sticos em pontos de recolha espalhados pelo circuito. O valor resultante da reciclagem destes equipamentos reverter\u00e1 integralmente a favor dos Bombeiros Volunt\u00e1rios de Pombal.<\/p>\n\n\n\n<p>Todos os participantes e equipas receber\u00e3o pr\u00e9mios e lembran\u00e7as de participa\u00e7\u00e3o. Entre os galard\u00f5es em destaque est\u00e3o o <strong>Grande Pr\u00e9mio 14HP \u2013 Clube de Cicloturismo de Pombal<\/strong>, atribu\u00eddo \u00e0 equipa com melhor pontua\u00e7\u00e3o; o <strong>Trof\u00e9u Mais \u2013 C\u00e2mara Municipal de Pombal<\/strong>, que premiar\u00e1 a equipa mais numerosa; e o <strong>Trof\u00e9u Charme Feminino \u2013 Junta de Freguesia de Pombal<\/strong>, entregue \u00e0 equipa com maior representa\u00e7\u00e3o feminina.<\/p>\n\n\n\n<p>Combinando desporto, sustentabilidade e solidariedade, o evento promete atrair centenas de ciclistas e visitantes, refor\u00e7ando a import\u00e2ncia da mobiliza\u00e7\u00e3o da comunidade em torno de causas ambientais e sociais.<\/p>\n\n\n\n<p>O Clube de Cicloturismo de Pombal, em colabora\u00e7\u00e3o com a C\u00e2mara Municipal e a Junta de Freguesia de Pombal, promove no pr\u00f3ximo fim de semana, dias 19 e 20 de julho, a 22.\u00aa edi\u00e7\u00e3o da Festa das Bicicletas \u2013 o evento \u201c14 Horas a Pedalar\u201d, que este ano decorre sob o mote \u201cReciclar \u00e9 ReViver\u201d.<\/p>\n\n\n\n<p>A iniciativa ter\u00e1 lugar na Avenida Her\u00f3is do Ultramar e promete dois dias de conv\u00edvio, desporto e solidariedade, num ambiente festivo repleto de anima\u00e7\u00e3o musical, artes, arruadas, petiscos e bares. O evento inclui ainda dois tradicionais passeios de cicloturismo: o Passeio Noturno, na noite de s\u00e1bado, e o Passeio Domingueiro, na manh\u00e3 de domingo, percorrendo a cidade e os arredores.<\/p>\n\n\n\n<p>Este ano, a vertente solid\u00e1ria ganha destaque atrav\u00e9s de uma parceria com a empresa Electr\u00e3o, convidando os participantes e o p\u00fablico em geral a entregarem res\u00edduos el\u00e9tricos e eletrodom\u00e9sticos em pontos de recolha espalhados pelo circuito. O valor resultante da reciclagem destes equipamentos reverter\u00e1 integralmente a favor dos Bombeiros Volunt\u00e1rios de Pombal.<\/p>\n\n\n\n<p>Todos os participantes e equipas receber\u00e3o pr\u00e9mios e lembran\u00e7as de participa\u00e7\u00e3o. Entre os galard\u00f5es em destaque est\u00e3o o <strong>Grande Pr\u00e9mio 14HP \u2013 Clube de Cicloturismo de Pombal<\/strong>, atribu\u00eddo \u00e0 equipa com melhor pontua\u00e7\u00e3o; o <strong>Trof\u00e9u Mais \u2013 C\u00e2mara Municipal de Pombal<\/strong>, que premiar\u00e1 a equipa mais numerosa; e o <strong>Trof\u00e9u Charme Feminino \u2013 Junta de Freguesia de Pombal<\/strong>, entregue \u00e0 equipa com maior representa\u00e7\u00e3o feminina.<\/p>\n\n\n\n<p>Combinando desporto, sustentabilidade e solidariedade, o evento promete atrair centenas de ciclistas e visitantes, refor\u00e7ando a import\u00e2ncia da mobiliza\u00e7\u00e3o da comunidade em torno de causas ambientais e sociais.<\/p>\n\n\n\n<p><\/p>\n","protected":false},"excerpt":{"rendered":"<p>A iniciativa ter\u00e1 lugar na Avenida Her\u00f3is do Ultramar e promete dois dias de conv\u00edvio, desporto e solidariedade, num ambiente festivo repleto de anima\u00e7\u00e3o musical, [&hellip;]<\/p>\n","protected":false},"author":1,"featured_media":2550,"comment_status":"open","ping_status":"open","sticky":false,"template":"","format":"standard","meta":{"_monsterinsights_skip_tracking":false,"_monsterinsights_sitenote_active":false,"_monsterinsights_sitenote_note":"","_monsterinsights_sitenote_category":0,"_uf_show_specific_survey":0,"_uf_disable_surveys":false,"_jetpack_memberships_contains_paid_content":false,"footnotes":"","jetpack_publicize_message":"","jetpack_publicize_feature_enabled":true,"jetpack_social_post_already_shared":true,"jetpack_social_options":{"image_generator_settings":{"template":"highway","default_image_id":0,"enabled":false},"version":2}},"categories":[1],"tags":[],"class_list":["post-2549","post","type-post","status-publish","format-standard","has-post-thumbnail","hentry","category-nioticias"],"aioseo_notices":[],"jetpack_publicize_connections":[],"jetpack_featured_media_url":"https:\/\/pombalpt.pt\/wp-content\/uploads\/2025\/07\/518310959_1032772949007547_8316138218976620694_n.jpg","jetpack_sharing_enabled":true,"_links":{"self":[{"href":"https:\/\/pombalpt.pt\/index.php\/wp-json\/wp\/v2\/posts\/2549","targetHints":{"allow":["GET"]}}],"collection":[{"href":"https:\/\/pombalpt.pt\/index.php\/wp-json\/wp\/v2\/posts"}],"about":[{"href":"https:\/\/pombalpt.pt\/index.php\/wp-json\/wp\/v2\/types\/post"}],"author":[{"embeddable":true,"href":"https:\/\/pombalpt.pt\/index.php\/wp-json\/wp\/v2\/users\/1"}],"replies":[{"embeddable":true,"href":"https:\/\/pombalpt.pt\/index.php\/wp-json\/wp\/v2\/comments?post=2549"}],"version-history":[{"count":2,"href":"https:\/\/pombalpt.pt\/index.php\/wp-json\/wp\/v2\/posts\/2549\/revisions"}],"predecessor-version":[{"id":2554,"href":"https:\/\/pombalpt.pt\/index.php\/wp-json\/wp\/v2\/posts\/2549\/revisions\/2554"}],"wp:featuredmedia":[{"embeddable":true,"href":"https:\/\/pombalpt.pt\/index.php\/wp-json\/wp\/v2\/media\/2550"}],"wp:attachment":[{"href":"https:\/\/pombalpt.pt\/index.php\/wp-json\/wp\/v2\/media?parent=2549"}],"wp:term":[{"taxonomy":"category","embeddable":true,"href":"https:\/\/pombalpt.pt\/index.php\/wp-json\/wp\/v2\/categories?post=2549"},{"taxonomy":"post_tag","embeddable":true,"href":"https:\/\/pombalpt.pt\/index.php\/wp-json\/wp\/v2\/tags?post=2549"}],"curies":[{"name":"wp","href":"https:\/\/api.w.org\/{rel}","templated":true}]}}