{"id":2535,"date":"2025-07-09T13:05:48","date_gmt":"2025-07-09T13:05:48","guid":{"rendered":"https:\/\/pombalpt.pt\/?p=2535"},"modified":"2025-07-09T13:05:49","modified_gmt":"2025-07-09T13:05:49","slug":"ministra-da-cultura-visita-projeto-ferias-em-movimento-5-0-em-pombal","status":"publish","type":"post","link":"https:\/\/pombalpt.pt\/index.php\/2025\/07\/09\/ministra-da-cultura-visita-projeto-ferias-em-movimento-5-0-em-pombal\/","title":{"rendered":"Ministra da Cultura visita projeto \u201cF\u00e9rias em Movimento 5.0\u201d em Pombal"},"content":{"rendered":"\n<p>A Ministra da Cultura, Juventude e Desporto, Margarida Balseiro Lopes, visitou esta ter\u00e7a-feira, 8 de julho, o projeto <strong>\u201cF\u00e9rias em Movimento 5.0\u201d<\/strong>, que est\u00e1 a decorrer em Pombal como programa-piloto promovido pelo Instituto Portugu\u00eas do Desporto e da Juventude (IPDJ). A iniciativa \u00e9 organizada pelo N\u00facleo do Desporto Amador de Pombal (NDAP) e decorre nas instala\u00e7\u00f5es da EB 2,3 Marqu\u00eas de Pombal.<\/p>\n\n\n\n<p>Com uma dura\u00e7\u00e3o de sete semanas e dois turnos por semana \u2014 cada um com capacidade para 20 crian\u00e7as \u2014 o projeto poder\u00e1 abranger at\u00e9 <strong>280 participantes<\/strong> at\u00e9 ao in\u00edcio de setembro. Conta com o apoio do Munic\u00edpio de Pombal e da Junta de Freguesia de Pombal, numa colabora\u00e7\u00e3o alargada que envolve ainda a empresa <strong>SharkCoders<\/strong>, respons\u00e1vel pela componente tecnol\u00f3gica.<\/p>\n\n\n\n<p>Atrav\u00e9s da vertente \u201cF\u00e9rias 5.0\u201d, as crian\u00e7as t\u00eam acesso a atividades inovadoras em \u00e1reas como <strong>Rob\u00f3tica, Programa\u00e7\u00e3o, Intelig\u00eancia Artificial e Comunica\u00e7\u00e3o Digital<\/strong>. Para al\u00e9m da divers\u00e3o e do conv\u00edvio, o objetivo \u00e9 proporcionar compet\u00eancias fundamentais para o futuro, promovendo a criatividade, a inclus\u00e3o e a literacia digital desde cedo.<\/p>\n\n\n\n<p>Durante a visita, a Ministra destacou a import\u00e2ncia de iniciativas como esta: <em>\u201cDar \u00e0s crian\u00e7as acesso \u00e0 programa\u00e7\u00e3o, rob\u00f3tica e IA \u00e9 dar-lhes ferramentas para pensar, criar e transformar. \u00c9 apostar no seu futuro e no futuro do pa\u00eds.\u201d<\/em><\/p>\n\n\n\n<p>O projeto \u201cF\u00e9rias em Movimento 5.0\u201d afirma-se, assim, como uma proposta educativa e tecnol\u00f3gica pioneira, alinhada com os desafios da sociedade digital e com o compromisso de oferecer experi\u00eancias enriquecedoras durante as f\u00e9rias escolares.<\/p>\n\n\n\n<p><\/p>\n","protected":false},"excerpt":{"rendered":"<p>A Ministra da Cultura, Juventude e Desporto, Margarida Balseiro Lopes, visitou esta ter\u00e7a-feira, 8 de julho, o projeto \u201cF\u00e9rias em Movimento 5.0\u201d, que est\u00e1 a [&hellip;]<\/p>\n","protected":false},"author":1,"featured_media":2536,"comment_status":"open","ping_status":"open","sticky":false,"template":"","format":"standard","meta":{"_monsterinsights_skip_tracking":false,"_monsterinsights_sitenote_active":false,"_monsterinsights_sitenote_note":"","_monsterinsights_sitenote_category":0,"_uf_show_specific_survey":0,"_uf_disable_surveys":false,"_jetpack_memberships_contains_paid_content":false,"footnotes":"","jetpack_publicize_message":"","jetpack_publicize_feature_enabled":true,"jetpack_social_post_already_shared":true,"jetpack_social_options":{"image_generator_settings":{"template":"highway","default_image_id":0,"enabled":false},"version":2}},"categories":[1],"tags":[],"class_list":["post-2535","post","type-post","status-publish","format-standard","has-post-thumbnail","hentry","category-nioticias"],"aioseo_notices":[],"jetpack_publicize_connections":[],"jetpack_featured_media_url":"https:\/\/pombalpt.pt\/wp-content\/uploads\/2025\/07\/516600387_1021589176850807_4106383167221325108_n.jpg","jetpack_sharing_enabled":true,"_links":{"self":[{"href":"https:\/\/pombalpt.pt\/index.php\/wp-json\/wp\/v2\/posts\/2535","targetHints":{"allow":["GET"]}}],"collection":[{"href":"https:\/\/pombalpt.pt\/index.php\/wp-json\/wp\/v2\/posts"}],"about":[{"href":"https:\/\/pombalpt.pt\/index.php\/wp-json\/wp\/v2\/types\/post"}],"author":[{"embeddable":true,"href":"https:\/\/pombalpt.pt\/index.php\/wp-json\/wp\/v2\/users\/1"}],"replies":[{"embeddable":true,"href":"https:\/\/pombalpt.pt\/index.php\/wp-json\/wp\/v2\/comments?post=2535"}],"version-history":[{"count":1,"href":"https:\/\/pombalpt.pt\/index.php\/wp-json\/wp\/v2\/posts\/2535\/revisions"}],"predecessor-version":[{"id":2537,"href":"https:\/\/pombalpt.pt\/index.php\/wp-json\/wp\/v2\/posts\/2535\/revisions\/2537"}],"wp:featuredmedia":[{"embeddable":true,"href":"https:\/\/pombalpt.pt\/index.php\/wp-json\/wp\/v2\/media\/2536"}],"wp:attachment":[{"href":"https:\/\/pombalpt.pt\/index.php\/wp-json\/wp\/v2\/media?parent=2535"}],"wp:term":[{"taxonomy":"category","embeddable":true,"href":"https:\/\/pombalpt.pt\/index.php\/wp-json\/wp\/v2\/categories?post=2535"},{"taxonomy":"post_tag","embeddable":true,"href":"https:\/\/pombalpt.pt\/index.php\/wp-json\/wp\/v2\/tags?post=2535"}],"curies":[{"name":"wp","href":"https:\/\/api.w.org\/{rel}","templated":true}]}}