{"id":2531,"date":"2025-07-09T12:09:03","date_gmt":"2025-07-09T12:09:03","guid":{"rendered":"https:\/\/pombalpt.pt\/?p=2531"},"modified":"2025-07-09T13:03:58","modified_gmt":"2025-07-09T13:03:58","slug":"festival-sete-sois-sete-luas-arranca-amanha-com-estreia-nacional-em-pombal","status":"publish","type":"post","link":"https:\/\/pombalpt.pt\/index.php\/2025\/07\/09\/festival-sete-sois-sete-luas-arranca-amanha-com-estreia-nacional-em-pombal\/","title":{"rendered":"Festival Sete S\u00f3is Sete Luas arranca amanh\u00e3 com estreia nacional em Pombal"},"content":{"rendered":"\n<p>O Jardim do Cardal acolhe amanh\u00e3 (quinta-feira, 10 de julho), \u00e0s 22h00, com entrada livre, o espet\u00e1culo inaugural da 33\u00aa edi\u00e7\u00e3o do Festival Sete S\u00f3is Sete Luas, uma rede cultural constitu\u00edda por 30 cidades de nove pa\u00edses diferentes (Cabo Verde, Cro\u00e1cia, Fran\u00e7a, It\u00e1lia, Luxemburgo, Marrocos, Portugal, Espanha e Tun\u00edsia), que desenvolve projetos na \u00e1rea da m\u00fasica popular, \u00e9tnica, tradicional e das artes pl\u00e1sticas, envolvendo sempre person<a><\/a>alidades importantes das culturas europeia e mediterr\u00e2nica.<\/p>\n\n\n\n<p>O espet\u00e1culo \u201cMED 7LUAS25 ORKESTRA\u201d, que far\u00e1 em Pombal a sua estreia nacional, \u00e9 o projeto musical original 2025 que re\u00fane seis prestigiados m\u00fasicos de Cabo Verde, Fran\u00e7a, Gr\u00e9cia, It\u00e1lia, Portugal e Tun\u00edsia que desenvolvem um repert\u00f3rio original inspirado nos valores multiculturais do Festival Sete S\u00f3is Sete Luas e realizado em chave musical de acordo com as tradi\u00e7\u00f5es de cada m\u00fasico. Dirigido pelo m\u00fasico portugu\u00eas Jos\u00e9 Barros (cavaquinho, guitarra, voz), o grupo conta com a participa\u00e7\u00e3o do franc\u00eas Pierre Ayral (bateria, voz), do tunisino Ziad Trabelsi (oud, darbouka, duff, witar, shaker), da cantora grega Xanthoula Dakovanou (voz e percuss\u00f5es), do cabo-verdiano Lucio Vieira (baixo) e da cantora de N\u00e1poles Fiorenza Calogero.<\/p>\n\n\n\n<p>O Festival Sete S\u00f3is Sete Luas regressar\u00e1 ao Jardim do Cardal no dia 2 de agosto, com o projeto Music Beyond Ideology, que agrupa m\u00fasicos da Eslov\u00e9nia, It\u00e1lia, Sud\u00e3o e Ucr\u00e2nia, tamb\u00e9m numa produ\u00e7\u00e3o original do Festival.<\/p>\n","protected":false},"excerpt":{"rendered":"<p>O Jardim do Cardal acolhe amanh\u00e3 (quinta-feira, 10 de julho), \u00e0s 22h00, com entrada livre, o espet\u00e1culo inaugural da 33\u00aa edi\u00e7\u00e3o do Festival Sete S\u00f3is [&hellip;]<\/p>\n","protected":false},"author":1,"featured_media":2532,"comment_status":"open","ping_status":"open","sticky":false,"template":"","format":"standard","meta":{"_monsterinsights_skip_tracking":false,"_monsterinsights_sitenote_active":false,"_monsterinsights_sitenote_note":"","_monsterinsights_sitenote_category":0,"_uf_show_specific_survey":0,"_uf_disable_surveys":false,"_jetpack_memberships_contains_paid_content":false,"footnotes":"","jetpack_publicize_message":"","jetpack_publicize_feature_enabled":true,"jetpack_social_post_already_shared":true,"jetpack_social_options":{"image_generator_settings":{"template":"highway","default_image_id":0,"enabled":false},"version":2}},"categories":[10,1],"tags":[],"class_list":["post-2531","post","type-post","status-publish","format-standard","has-post-thumbnail","hentry","category-cultura","category-nioticias"],"aioseo_notices":[],"jetpack_publicize_connections":[],"jetpack_featured_media_url":"https:\/\/pombalpt.pt\/wp-content\/uploads\/2025\/07\/515889839_1021928440150214_1974475178706505806_n.jpg","jetpack_sharing_enabled":true,"_links":{"self":[{"href":"https:\/\/pombalpt.pt\/index.php\/wp-json\/wp\/v2\/posts\/2531","targetHints":{"allow":["GET"]}}],"collection":[{"href":"https:\/\/pombalpt.pt\/index.php\/wp-json\/wp\/v2\/posts"}],"about":[{"href":"https:\/\/pombalpt.pt\/index.php\/wp-json\/wp\/v2\/types\/post"}],"author":[{"embeddable":true,"href":"https:\/\/pombalpt.pt\/index.php\/wp-json\/wp\/v2\/users\/1"}],"replies":[{"embeddable":true,"href":"https:\/\/pombalpt.pt\/index.php\/wp-json\/wp\/v2\/comments?post=2531"}],"version-history":[{"count":1,"href":"https:\/\/pombalpt.pt\/index.php\/wp-json\/wp\/v2\/posts\/2531\/revisions"}],"predecessor-version":[{"id":2533,"href":"https:\/\/pombalpt.pt\/index.php\/wp-json\/wp\/v2\/posts\/2531\/revisions\/2533"}],"wp:featuredmedia":[{"embeddable":true,"href":"https:\/\/pombalpt.pt\/index.php\/wp-json\/wp\/v2\/media\/2532"}],"wp:attachment":[{"href":"https:\/\/pombalpt.pt\/index.php\/wp-json\/wp\/v2\/media?parent=2531"}],"wp:term":[{"taxonomy":"category","embeddable":true,"href":"https:\/\/pombalpt.pt\/index.php\/wp-json\/wp\/v2\/categories?post=2531"},{"taxonomy":"post_tag","embeddable":true,"href":"https:\/\/pombalpt.pt\/index.php\/wp-json\/wp\/v2\/tags?post=2531"}],"curies":[{"name":"wp","href":"https:\/\/api.w.org\/{rel}","templated":true}]}}