{"id":2519,"date":"2025-07-07T21:09:25","date_gmt":"2025-07-07T21:09:25","guid":{"rendered":"https:\/\/pombalpt.pt\/?p=2519"},"modified":"2025-07-07T21:09:27","modified_gmt":"2025-07-07T21:09:27","slug":"pombal-e-abiul-inauguram-requalificacao-urbana-e-novo-parque-infantil","status":"publish","type":"post","link":"https:\/\/pombalpt.pt\/index.php\/2025\/07\/07\/pombal-e-abiul-inauguram-requalificacao-urbana-e-novo-parque-infantil\/","title":{"rendered":"Pombal e Abiul inauguram requalifica\u00e7\u00e3o urbana e novo parque infantil"},"content":{"rendered":"\n<p>O Munic\u00edpio de Pombal e a Junta de Freguesia de Abiul inauguraram, no passado s\u00e1bado, 5 de julho, as obras de requalifica\u00e7\u00e3o urbana da Rua dos Muros e da Rua Fonte da Vila, bem como o novo parque infantil da zona desportiva da vila.<\/p>\n\n\n\n<p>A cerim\u00f3nia contou com a presen\u00e7a de representantes aut\u00e1rquicos e membros da comunidade, num momento que assinala mais um passo no refor\u00e7o das infraestruturas locais.<\/p>\n\n\n\n<p>\u201cS\u00e3o duas obras com enorme import\u00e2ncia para a comunidade\u201d, destacou Sandra Barros, presidente da Junta de Freguesia de Abiul. A autarca sublinhou que se tratam de projetos que representam \u201cum compromisso firme com a melhoria da qualidade de vida de todos os que vivem e visitam a freguesia\u201d.<\/p>\n\n\n\n<p>J\u00e1 o presidente da C\u00e2mara Municipal de Pombal, Pedro Pimp\u00e3o, salientou que a constru\u00e7\u00e3o do parque infantil cumpre um dos objetivos estrat\u00e9gicos do munic\u00edpio: assegurar a exist\u00eancia de, pelo menos, um parque infantil em cada freguesia. \u201c\u00c9 um sinal claro de que queremos valorizar as crian\u00e7as e as fam\u00edlias, mas tamb\u00e9m mostrar que \u00e9 positivo investir e concretizar projetos de vida nas nossas freguesias\u201d, afirmou.<\/p>\n\n\n\n<p>A cria\u00e7\u00e3o do parque infantil foi viabilizada atrav\u00e9s de um contrato interadministrativo no \u00e2mbito do PIRIF \u2013 Programa de Incentivo \u00e0 Realiza\u00e7\u00e3o de Investimentos pelas Freguesias.<\/p>\n\n\n\n<p>Pedro Pimp\u00e3o destacou ainda a import\u00e2ncia do investimento feito na requalifica\u00e7\u00e3o urbana da \u201czona alta\u201d de Abiul, dando continuidade \u00e0 renova\u00e7\u00e3o do parque industrial da freguesia. A obra, com um valor aproximado de 600 mil euros, foi inteiramente financiada pelo or\u00e7amento municipal.<\/p>\n\n\n\n<p>A interven\u00e7\u00e3o permite agora uma liga\u00e7\u00e3o mais eficiente com o n\u00facleo urbano de Abiul, servindo os principais servi\u00e7os p\u00fablicos da vila, como a Junta de Freguesia, o Centro Escolar e o Centro de Sa\u00fade, dotando-os de melhores acessibilidades e condi\u00e7\u00f5es de funcionamento.<\/p>\n\n\n\n<p>O autarca sublinhou tamb\u00e9m o impacto destas obras na atratividade da freguesia, refor\u00e7ando a expectativa de que possam impulsionar a instala\u00e7\u00e3o de novos neg\u00f3cios em Abiul.<\/p>\n","protected":false},"excerpt":{"rendered":"<p>O Munic\u00edpio de Pombal e a Junta de Freguesia de Abiul inauguraram, no passado s\u00e1bado, 5 de julho, as obras de requalifica\u00e7\u00e3o urbana da Rua [&hellip;]<\/p>\n","protected":false},"author":1,"featured_media":2520,"comment_status":"open","ping_status":"open","sticky":false,"template":"","format":"standard","meta":{"_monsterinsights_skip_tracking":false,"_monsterinsights_sitenote_active":false,"_monsterinsights_sitenote_note":"","_monsterinsights_sitenote_category":0,"_uf_show_specific_survey":0,"_uf_disable_surveys":false,"_jetpack_memberships_contains_paid_content":false,"footnotes":"","jetpack_publicize_message":"","jetpack_publicize_feature_enabled":true,"jetpack_social_post_already_shared":true,"jetpack_social_options":{"image_generator_settings":{"template":"highway","default_image_id":0,"enabled":false},"version":2}},"categories":[10,1],"tags":[],"class_list":["post-2519","post","type-post","status-publish","format-standard","has-post-thumbnail","hentry","category-cultura","category-nioticias"],"aioseo_notices":[],"jetpack_publicize_connections":[],"jetpack_featured_media_url":"https:\/\/pombalpt.pt\/wp-content\/uploads\/2025\/07\/516546418_1020689726940752_2895578876907769398_n.jpg","jetpack_sharing_enabled":true,"_links":{"self":[{"href":"https:\/\/pombalpt.pt\/index.php\/wp-json\/wp\/v2\/posts\/2519","targetHints":{"allow":["GET"]}}],"collection":[{"href":"https:\/\/pombalpt.pt\/index.php\/wp-json\/wp\/v2\/posts"}],"about":[{"href":"https:\/\/pombalpt.pt\/index.php\/wp-json\/wp\/v2\/types\/post"}],"author":[{"embeddable":true,"href":"https:\/\/pombalpt.pt\/index.php\/wp-json\/wp\/v2\/users\/1"}],"replies":[{"embeddable":true,"href":"https:\/\/pombalpt.pt\/index.php\/wp-json\/wp\/v2\/comments?post=2519"}],"version-history":[{"count":1,"href":"https:\/\/pombalpt.pt\/index.php\/wp-json\/wp\/v2\/posts\/2519\/revisions"}],"predecessor-version":[{"id":2521,"href":"https:\/\/pombalpt.pt\/index.php\/wp-json\/wp\/v2\/posts\/2519\/revisions\/2521"}],"wp:featuredmedia":[{"embeddable":true,"href":"https:\/\/pombalpt.pt\/index.php\/wp-json\/wp\/v2\/media\/2520"}],"wp:attachment":[{"href":"https:\/\/pombalpt.pt\/index.php\/wp-json\/wp\/v2\/media?parent=2519"}],"wp:term":[{"taxonomy":"category","embeddable":true,"href":"https:\/\/pombalpt.pt\/index.php\/wp-json\/wp\/v2\/categories?post=2519"},{"taxonomy":"post_tag","embeddable":true,"href":"https:\/\/pombalpt.pt\/index.php\/wp-json\/wp\/v2\/tags?post=2519"}],"curies":[{"name":"wp","href":"https:\/\/api.w.org\/{rel}","templated":true}]}}