{"id":205,"date":"2025-07-03T12:03:37","date_gmt":"2025-07-03T12:03:37","guid":{"rendered":"https:\/\/pombalpt.pt\/?p=205"},"modified":"2025-07-03T12:03:39","modified_gmt":"2025-07-03T12:03:39","slug":"unicef-portugal-promove-encontro-em-pombal-sobre-educacao-inclusiva-e-direitos-das-criancas","status":"publish","type":"post","link":"https:\/\/pombalpt.pt\/index.php\/2025\/07\/03\/unicef-portugal-promove-encontro-em-pombal-sobre-educacao-inclusiva-e-direitos-das-criancas\/","title":{"rendered":"UNICEF Portugal promove encontro em Pombal sobre Educa\u00e7\u00e3o Inclusiva e Direitos das Crian\u00e7as"},"content":{"rendered":"\n<p>Pombal recebeu, na quarta-feira, dia 2 de julho, um encontro promovido pela UNICEF Portugal que reuniu profissionais da educa\u00e7\u00e3o, especialistas e decisores com o objetivo de refletir sobre os caminhos para uma escola mais justa, inclusiva e centrada nos direitos das crian\u00e7as.<\/p>\n\n\n\n<p>Sob o tema <strong>\u201cEduca\u00e7\u00e3o para Todas as Crian\u00e7as\u201d<\/strong>, os participantes tiveram a oportunidade de partilhar experi\u00eancias, aprofundar conhecimentos e debater solu\u00e7\u00f5es para garantir que nenhuma crian\u00e7a fique para tr\u00e1s no acesso \u00e0 educa\u00e7\u00e3o de qualidade.<\/p>\n\n\n\n<p>O presidente da C\u00e2mara Municipal de Pombal, Pedro Pimp\u00e3o, marcou presen\u00e7a na abertura do evento e destacou a import\u00e2ncia do encontro como um momento de \u201cpartilha, reflex\u00e3o e compromisso com os direitos das crian\u00e7as e jovens\u201d. Para o autarca, a valoriza\u00e7\u00e3o da inf\u00e2ncia e o investimento em pol\u00edticas p\u00fablicas que promovam a igualdade de oportunidades s\u00e3o fundamentais para a constru\u00e7\u00e3o de <strong>\u201ccomunidades mais inclusivas, participativas e amigas das crian\u00e7as\u201d<\/strong>.<\/p>\n\n\n\n<p>Pedro Pimp\u00e3o aproveitou ainda para deixar um \u201cagradecimento especial \u00e0 UNICEF Portugal e a todos os parceiros que tornaram poss\u00edvel este trabalho inspirador\u201d, sublinhando que <strong>\u201co futuro come\u00e7a aqui\u201d<\/strong>, com a\u00e7\u00f5es concretas que coloquem os direitos das crian\u00e7as no centro das decis\u00f5es educativas e sociais.<\/p>\n\n\n\n<p>O encontro reafirmou o compromisso de diversos agentes educativos e institucionais com uma educa\u00e7\u00e3o inclusiva e baseada nos direitos humanos, reconhecendo a inf\u00e2ncia como prioridade estrat\u00e9gica para o desenvolvimento sustent\u00e1vel das comunidades.<\/p>\n\n\n\n<p><\/p>\n","protected":false},"excerpt":{"rendered":"<p>Pombal recebeu, na quarta-feira, dia 2 de julho, um encontro promovido pela UNICEF Portugal que reuniu profissionais da educa\u00e7\u00e3o, especialistas e decisores com o objetivo [&hellip;]<\/p>\n","protected":false},"author":1,"featured_media":206,"comment_status":"open","ping_status":"open","sticky":false,"template":"","format":"standard","meta":{"_monsterinsights_skip_tracking":false,"_monsterinsights_sitenote_active":false,"_monsterinsights_sitenote_note":"","_monsterinsights_sitenote_category":0,"_uf_show_specific_survey":0,"_uf_disable_surveys":false,"_jetpack_memberships_contains_paid_content":false,"footnotes":"","jetpack_publicize_message":"","jetpack_publicize_feature_enabled":true,"jetpack_social_post_already_shared":true,"jetpack_social_options":{"image_generator_settings":{"template":"highway","default_image_id":0,"enabled":false},"version":2}},"categories":[15,1],"tags":[],"class_list":["post-205","post","type-post","status-publish","format-standard","has-post-thumbnail","hentry","category-inicio","category-nioticias"],"aioseo_notices":[],"jetpack_publicize_connections":[],"jetpack_featured_media_url":"https:\/\/pombalpt.pt\/wp-content\/uploads\/2025\/07\/516010942_1017394320603626_8878236357402064285_n.jpg","jetpack_sharing_enabled":true,"_links":{"self":[{"href":"https:\/\/pombalpt.pt\/index.php\/wp-json\/wp\/v2\/posts\/205","targetHints":{"allow":["GET"]}}],"collection":[{"href":"https:\/\/pombalpt.pt\/index.php\/wp-json\/wp\/v2\/posts"}],"about":[{"href":"https:\/\/pombalpt.pt\/index.php\/wp-json\/wp\/v2\/types\/post"}],"author":[{"embeddable":true,"href":"https:\/\/pombalpt.pt\/index.php\/wp-json\/wp\/v2\/users\/1"}],"replies":[{"embeddable":true,"href":"https:\/\/pombalpt.pt\/index.php\/wp-json\/wp\/v2\/comments?post=205"}],"version-history":[{"count":1,"href":"https:\/\/pombalpt.pt\/index.php\/wp-json\/wp\/v2\/posts\/205\/revisions"}],"predecessor-version":[{"id":207,"href":"https:\/\/pombalpt.pt\/index.php\/wp-json\/wp\/v2\/posts\/205\/revisions\/207"}],"wp:featuredmedia":[{"embeddable":true,"href":"https:\/\/pombalpt.pt\/index.php\/wp-json\/wp\/v2\/media\/206"}],"wp:attachment":[{"href":"https:\/\/pombalpt.pt\/index.php\/wp-json\/wp\/v2\/media?parent=205"}],"wp:term":[{"taxonomy":"category","embeddable":true,"href":"https:\/\/pombalpt.pt\/index.php\/wp-json\/wp\/v2\/categories?post=205"},{"taxonomy":"post_tag","embeddable":true,"href":"https:\/\/pombalpt.pt\/index.php\/wp-json\/wp\/v2\/tags?post=205"}],"curies":[{"name":"wp","href":"https:\/\/api.w.org\/{rel}","templated":true}]}}