{"id":178,"date":"2025-07-01T06:19:26","date_gmt":"2025-07-01T06:19:26","guid":{"rendered":"https:\/\/pombalpt.pt\/?p=178"},"modified":"2025-07-01T06:19:27","modified_gmt":"2025-07-01T06:19:27","slug":"pombal-inaugura-anfiteatro-natural-na-margem-do-rio-arunca","status":"publish","type":"post","link":"https:\/\/pombalpt.pt\/index.php\/2025\/07\/01\/pombal-inaugura-anfiteatro-natural-na-margem-do-rio-arunca\/","title":{"rendered":"Pombal Inaugura Anfiteatro Natural na Margem do Rio Arunca"},"content":{"rendered":"\n<p>O Munic\u00edpio de Pombal assinala esta segunda-feira, 30 de junho, a abertura ao p\u00fablico do novo anfiteatro natural, localizado junto \u00e0 Biblioteca Municipal. A infraestrutura integra-se na ampla interven\u00e7\u00e3o de reabilita\u00e7\u00e3o e valoriza\u00e7\u00e3o do rio Arunca, uma obra com um investimento global superior a 600 mil euros.<\/p>\n\n\n\n<p>A cerim\u00f3nia de inaugura\u00e7\u00e3o contar\u00e1 com a presen\u00e7a de Pedro Teiga, Doutorado em Engenharia do Ambiente pela Faculdade de Engenharia da Universidade do Porto (FEUP), especialista em reabilita\u00e7\u00e3o de rios e ribeiras, e diretor executivo da empresa E.Rio, Lda. A sua participa\u00e7\u00e3o pretende sublinhar a import\u00e2ncia da interven\u00e7\u00e3o para a sustentabilidade ambiental e a integra\u00e7\u00e3o do rio na viv\u00eancia urbana.<\/p>\n\n\n\n<p>O projeto teve como principal objetivo devolver o rio Arunca \u00e0 comunidade, atrav\u00e9s da cria\u00e7\u00e3o de espa\u00e7os de lazer e conv\u00edvio ao longo das suas margens, promovendo a sua frui\u00e7\u00e3o p\u00fablica e o contacto direto com a natureza. A nova zona do anfiteatro natural foi concebida como um espa\u00e7o multifuncional ao ar livre, destinado a eventos culturais, educativos e de lazer, refor\u00e7ando a liga\u00e7\u00e3o entre o rio e a cidade.<\/p>\n\n\n\n<p>Com esta interven\u00e7\u00e3o, a autarquia de Pombal refor\u00e7a o seu compromisso com a valoriza\u00e7\u00e3o ambiental, a sustentabilidade urbana e a melhoria da qualidade de vida da popula\u00e7\u00e3o.<\/p>\n\n\n\n<p><\/p>\n","protected":false},"excerpt":{"rendered":"<p>O Munic\u00edpio de Pombal assinala esta segunda-feira, 30 de junho, a abertura ao p\u00fablico do novo anfiteatro natural, localizado junto \u00e0 Biblioteca Municipal. A infraestrutura [&hellip;]<\/p>\n","protected":false},"author":1,"featured_media":179,"comment_status":"open","ping_status":"open","sticky":false,"template":"","format":"standard","meta":{"_monsterinsights_skip_tracking":false,"_monsterinsights_sitenote_active":false,"_monsterinsights_sitenote_note":"","_monsterinsights_sitenote_category":0,"_uf_show_specific_survey":0,"_uf_disable_surveys":false,"_jetpack_memberships_contains_paid_content":false,"footnotes":"","jetpack_publicize_message":"","jetpack_publicize_feature_enabled":true,"jetpack_social_post_already_shared":true,"jetpack_social_options":{"image_generator_settings":{"template":"highway","default_image_id":0,"enabled":false},"version":2}},"categories":[10],"tags":[],"class_list":["post-178","post","type-post","status-publish","format-standard","has-post-thumbnail","hentry","category-cultura"],"aioseo_notices":[],"jetpack_publicize_connections":[],"jetpack_featured_media_url":"https:\/\/pombalpt.pt\/wp-content\/uploads\/2025\/07\/anfiteatro.jpg","jetpack_sharing_enabled":true,"_links":{"self":[{"href":"https:\/\/pombalpt.pt\/index.php\/wp-json\/wp\/v2\/posts\/178","targetHints":{"allow":["GET"]}}],"collection":[{"href":"https:\/\/pombalpt.pt\/index.php\/wp-json\/wp\/v2\/posts"}],"about":[{"href":"https:\/\/pombalpt.pt\/index.php\/wp-json\/wp\/v2\/types\/post"}],"author":[{"embeddable":true,"href":"https:\/\/pombalpt.pt\/index.php\/wp-json\/wp\/v2\/users\/1"}],"replies":[{"embeddable":true,"href":"https:\/\/pombalpt.pt\/index.php\/wp-json\/wp\/v2\/comments?post=178"}],"version-history":[{"count":1,"href":"https:\/\/pombalpt.pt\/index.php\/wp-json\/wp\/v2\/posts\/178\/revisions"}],"predecessor-version":[{"id":180,"href":"https:\/\/pombalpt.pt\/index.php\/wp-json\/wp\/v2\/posts\/178\/revisions\/180"}],"wp:featuredmedia":[{"embeddable":true,"href":"https:\/\/pombalpt.pt\/index.php\/wp-json\/wp\/v2\/media\/179"}],"wp:attachment":[{"href":"https:\/\/pombalpt.pt\/index.php\/wp-json\/wp\/v2\/media?parent=178"}],"wp:term":[{"taxonomy":"category","embeddable":true,"href":"https:\/\/pombalpt.pt\/index.php\/wp-json\/wp\/v2\/categories?post=178"},{"taxonomy":"post_tag","embeddable":true,"href":"https:\/\/pombalpt.pt\/index.php\/wp-json\/wp\/v2\/tags?post=178"}],"curies":[{"name":"wp","href":"https:\/\/api.w.org\/{rel}","templated":true}]}}