{"id":168,"date":"2025-06-27T18:04:11","date_gmt":"2025-06-27T18:04:11","guid":{"rendered":"https:\/\/pombalpt.pt\/?p=168"},"modified":"2025-06-27T18:04:13","modified_gmt":"2025-06-27T18:04:13","slug":"rali-de-alitem-regressa-este-fim-de-semana-e-promete-emocao-no-campeonato-regional-centro-de-ralis","status":"publish","type":"post","link":"https:\/\/pombalpt.pt\/index.php\/2025\/06\/27\/rali-de-alitem-regressa-este-fim-de-semana-e-promete-emocao-no-campeonato-regional-centro-de-ralis\/","title":{"rendered":"Rali de Alit\u00e9m regressa este fim de semana e promete emo\u00e7\u00e3o no Campeonato Regional Centro de Ralis"},"content":{"rendered":"\n<p>A Uni\u00e3o de Freguesias de Santiago, S\u00e3o Sim\u00e3o de Lit\u00e9m e Albergaria dos Doze volta a ser palco de mais uma edi\u00e7\u00e3o do Rali de Alit\u00e9m, prova integrada no Campeonato Regional Centro de Ralis, que se realiza este fim de semana, dias 28 e 29 de junho.<\/p>\n\n\n\n<p>Organizado pela Escuderia Castelo Branco, com o apoio da Uni\u00e3o de Freguesias e do Munic\u00edpio de Pombal, o Rali de Alit\u00e9m destaca-se pelas suas sete classificativas disputadas integralmente em pisos de terra, oferecendo um desafio t\u00e9cnico e emocionante \u00e0s equipas participantes.<\/p>\n\n\n\n<p>A competi\u00e7\u00e3o arranca no s\u00e1bado, dia 28, \u00e0s 15h16, com a primeira prova especial de classifica\u00e7\u00e3o. Nessa jornada, os concorrentes enfrentam tr\u00eas tro\u00e7os, incluindo a aguardada super-especial em Albergaria dos Doze \u2014 localidade que assume o papel de centro operacional da prova \u2014 realizada por duas vezes e determinante para o desfecho do dia.<\/p>\n\n\n\n<p>No domingo, dia 29, a a\u00e7\u00e3o continua com mais quatro classificativas, perfazendo um total de 69,88 quil\u00f3metros cronometrados ao longo do fim de semana. Os vencedores da prova dever\u00e3o ser conhecidos por volta das 15h de domingo.<\/p>\n\n\n\n<p>Com Ant\u00f3nio Cruz Monteiro e Armando Carvalho empatados no topo da classifica\u00e7\u00e3o do campeonato, ambos com 82 pontos, o Rali de Alit\u00e9m assume particular import\u00e2ncia no calend\u00e1rio. A prova poder\u00e1 ser decisiva para o desempate, mas tamb\u00e9m para a recupera\u00e7\u00e3o de Andr\u00e9 Cabe\u00e7as, que, com tr\u00eas vit\u00f3rias na temporada de 2025, est\u00e1 a apenas sete pontos da lideran\u00e7a.<\/p>\n\n\n\n<p>A organiza\u00e7\u00e3o espera uma prova competitiva, com emo\u00e7\u00e3o garantida, num cen\u00e1rio de grande envolvimento local, com a popula\u00e7\u00e3o a apoiar fortemente o evento, consolidando o Rali de Alit\u00e9m como uma refer\u00eancia do desporto autom\u00f3vel na regi\u00e3o.<\/p>\n","protected":false},"excerpt":{"rendered":"<p>A Uni\u00e3o de Freguesias de Santiago, S\u00e3o Sim\u00e3o de Lit\u00e9m e Albergaria dos Doze volta a ser palco de mais uma edi\u00e7\u00e3o do Rali de [&hellip;]<\/p>\n","protected":false},"author":1,"featured_media":170,"comment_status":"open","ping_status":"open","sticky":false,"template":"","format":"standard","meta":{"_monsterinsights_skip_tracking":false,"_monsterinsights_sitenote_active":false,"_monsterinsights_sitenote_note":"","_monsterinsights_sitenote_category":0,"_uf_show_specific_survey":0,"_uf_disable_surveys":false,"_jetpack_memberships_contains_paid_content":false,"footnotes":"","jetpack_publicize_message":"","jetpack_publicize_feature_enabled":true,"jetpack_social_post_already_shared":true,"jetpack_social_options":{"image_generator_settings":{"template":"highway","default_image_id":0,"enabled":false},"version":2}},"categories":[12],"tags":[],"class_list":["post-168","post","type-post","status-publish","format-standard","has-post-thumbnail","hentry","category-desporto"],"aioseo_notices":[],"jetpack_publicize_connections":[],"jetpack_featured_media_url":"https:\/\/pombalpt.pt\/wp-content\/uploads\/2025\/06\/513247376_1012910401052018_1375076991152089388_n.jpg","jetpack_sharing_enabled":true,"_links":{"self":[{"href":"https:\/\/pombalpt.pt\/index.php\/wp-json\/wp\/v2\/posts\/168","targetHints":{"allow":["GET"]}}],"collection":[{"href":"https:\/\/pombalpt.pt\/index.php\/wp-json\/wp\/v2\/posts"}],"about":[{"href":"https:\/\/pombalpt.pt\/index.php\/wp-json\/wp\/v2\/types\/post"}],"author":[{"embeddable":true,"href":"https:\/\/pombalpt.pt\/index.php\/wp-json\/wp\/v2\/users\/1"}],"replies":[{"embeddable":true,"href":"https:\/\/pombalpt.pt\/index.php\/wp-json\/wp\/v2\/comments?post=168"}],"version-history":[{"count":1,"href":"https:\/\/pombalpt.pt\/index.php\/wp-json\/wp\/v2\/posts\/168\/revisions"}],"predecessor-version":[{"id":171,"href":"https:\/\/pombalpt.pt\/index.php\/wp-json\/wp\/v2\/posts\/168\/revisions\/171"}],"wp:featuredmedia":[{"embeddable":true,"href":"https:\/\/pombalpt.pt\/index.php\/wp-json\/wp\/v2\/media\/170"}],"wp:attachment":[{"href":"https:\/\/pombalpt.pt\/index.php\/wp-json\/wp\/v2\/media?parent=168"}],"wp:term":[{"taxonomy":"category","embeddable":true,"href":"https:\/\/pombalpt.pt\/index.php\/wp-json\/wp\/v2\/categories?post=168"},{"taxonomy":"post_tag","embeddable":true,"href":"https:\/\/pombalpt.pt\/index.php\/wp-json\/wp\/v2\/tags?post=168"}],"curies":[{"name":"wp","href":"https:\/\/api.w.org\/{rel}","templated":true}]}}