{"id":160,"date":"2025-06-27T13:26:14","date_gmt":"2025-06-27T13:26:14","guid":{"rendered":"https:\/\/pombalpt.pt\/?p=160"},"modified":"2025-06-27T13:30:35","modified_gmt":"2025-06-27T13:30:35","slug":"camara-municipal-de-pombal-homenageia-nucleo-do-sporting-cp-pelos-exitos-no-futsal","status":"publish","type":"post","link":"https:\/\/pombalpt.pt\/index.php\/2025\/06\/27\/camara-municipal-de-pombal-homenageia-nucleo-do-sporting-cp-pelos-exitos-no-futsal\/","title":{"rendered":"C\u00e2mara Municipal de Pombal homenageia N\u00facleo do Sporting CP pelos \u00eaxitos no futsal"},"content":{"rendered":"\n<p>A C\u00e2mara Municipal de Pombal recebeu, esta quinta-feira, dia 26 de junho, no Sal\u00e3o Nobre dos Pa\u00e7os do Concelho, o N\u00facleo do Sporting Clube de Portugal de Pombal, numa cerim\u00f3nia de reconhecimento pelos not\u00e1veis resultados alcan\u00e7ados pelas suas equipas seniores femininas e juvenis masculinos no futsal distrital.<\/p>\n\n\n\n<p>O momento alto da cerim\u00f3nia foi a entrega simb\u00f3lica dos trof\u00e9us por parte do presidente da C\u00e2mara Municipal, que distinguiu a equipa s\u00e9nior feminina pela conquista da Superta\u00e7a e a equipa de juvenis masculinos pelo t\u00edtulo de campe\u00e3 da 1.\u00aa Divis\u00e3o Distrital.<\/p>\n\n\n\n<p>Estes t\u00edtulos s\u00e3o o resultado de um percurso marcado pelo trabalho \u00e1rduo, empenho e paix\u00e3o pelo desporto, refletindo n\u00e3o s\u00f3 o talento das equipas, mas tamb\u00e9m o impacto positivo na promo\u00e7\u00e3o e desenvolvimento da modalidade de futsal no concelho.<\/p>\n\n\n\n<p>O munic\u00edpio destacou ainda a import\u00e2ncia da forma\u00e7\u00e3o desportiva como pilar essencial para o crescimento dos jovens atletas, reconhecendo o papel crucial dos treinadores, dirigentes, fam\u00edlias e toda a estrutura que contribui diariamente para o sucesso do clube.<\/p>\n\n\n\n<p>A autarquia felicitou todas as atletas e atletas, treinadores, dirigentes e encarregados de educa\u00e7\u00e3o pelo compromisso e pelos feitos alcan\u00e7ados ao longo da \u00e9poca, sublinhando o orgulho que representam para a comunidade pombalense.<\/p>\n","protected":false},"excerpt":{"rendered":"<p>A C\u00e2mara Municipal de Pombal recebeu, esta quinta-feira, dia 26 de junho, no Sal\u00e3o Nobre dos Pa\u00e7os do Concelho, o N\u00facleo do Sporting Clube de [&hellip;]<\/p>\n","protected":false},"author":1,"featured_media":161,"comment_status":"open","ping_status":"open","sticky":false,"template":"","format":"standard","meta":{"_monsterinsights_skip_tracking":false,"_monsterinsights_sitenote_active":false,"_monsterinsights_sitenote_note":"","_monsterinsights_sitenote_category":0,"_uf_show_specific_survey":0,"_uf_disable_surveys":false,"_jetpack_memberships_contains_paid_content":false,"footnotes":"","jetpack_publicize_message":"","jetpack_publicize_feature_enabled":true,"jetpack_social_post_already_shared":true,"jetpack_social_options":{"image_generator_settings":{"template":"highway","default_image_id":0,"enabled":false},"version":2}},"categories":[12],"tags":[],"class_list":["post-160","post","type-post","status-publish","format-standard","has-post-thumbnail","hentry","category-desporto"],"aioseo_notices":[],"jetpack_publicize_connections":[],"jetpack_featured_media_url":"https:\/\/pombalpt.pt\/wp-content\/uploads\/2025\/06\/NSCP-de-pombal.jpg","jetpack_sharing_enabled":true,"_links":{"self":[{"href":"https:\/\/pombalpt.pt\/index.php\/wp-json\/wp\/v2\/posts\/160","targetHints":{"allow":["GET"]}}],"collection":[{"href":"https:\/\/pombalpt.pt\/index.php\/wp-json\/wp\/v2\/posts"}],"about":[{"href":"https:\/\/pombalpt.pt\/index.php\/wp-json\/wp\/v2\/types\/post"}],"author":[{"embeddable":true,"href":"https:\/\/pombalpt.pt\/index.php\/wp-json\/wp\/v2\/users\/1"}],"replies":[{"embeddable":true,"href":"https:\/\/pombalpt.pt\/index.php\/wp-json\/wp\/v2\/comments?post=160"}],"version-history":[{"count":1,"href":"https:\/\/pombalpt.pt\/index.php\/wp-json\/wp\/v2\/posts\/160\/revisions"}],"predecessor-version":[{"id":162,"href":"https:\/\/pombalpt.pt\/index.php\/wp-json\/wp\/v2\/posts\/160\/revisions\/162"}],"wp:featuredmedia":[{"embeddable":true,"href":"https:\/\/pombalpt.pt\/index.php\/wp-json\/wp\/v2\/media\/161"}],"wp:attachment":[{"href":"https:\/\/pombalpt.pt\/index.php\/wp-json\/wp\/v2\/media?parent=160"}],"wp:term":[{"taxonomy":"category","embeddable":true,"href":"https:\/\/pombalpt.pt\/index.php\/wp-json\/wp\/v2\/categories?post=160"},{"taxonomy":"post_tag","embeddable":true,"href":"https:\/\/pombalpt.pt\/index.php\/wp-json\/wp\/v2\/tags?post=160"}],"curies":[{"name":"wp","href":"https:\/\/api.w.org\/{rel}","templated":true}]}}