{"id":152,"date":"2025-06-27T08:46:24","date_gmt":"2025-06-27T08:46:24","guid":{"rendered":"https:\/\/pombalpt.pt\/?p=152"},"modified":"2025-06-27T08:46:25","modified_gmt":"2025-06-27T08:46:25","slug":"camara-de-pombal-investira-cerca-de-290-mil-euros-na-requalificacao-da-zona-envolvente-da-ermida-da-nossa-senhora-da-guia","status":"publish","type":"post","link":"https:\/\/pombalpt.pt\/index.php\/2025\/06\/27\/camara-de-pombal-investira-cerca-de-290-mil-euros-na-requalificacao-da-zona-envolvente-da-ermida-da-nossa-senhora-da-guia\/","title":{"rendered":"C\u00e2mara de Pombal Investir\u00e1 Cerca de 290 Mil Euros na Requalifica\u00e7\u00e3o da Zona Envolvente da Ermida da Nossa Senhora da Guia"},"content":{"rendered":"\n<p>A C\u00e2mara Municipal de Pombal vai avan\u00e7ar com obras de requalifica\u00e7\u00e3o na envolvente da Ermida de Nossa Senhora da Guia, situada na vila da Guia, num investimento que ronda os 290 mil euros. A interven\u00e7\u00e3o, recentemente adjudicada pelo Executivo Municipal, pretende valorizar o patrim\u00f3nio hist\u00f3rico e religioso da regi\u00e3o, devolvendo dignidade a um espa\u00e7o atualmente degradado.<\/p>\n\n\n\n<p>A \u00e1rea de interven\u00e7\u00e3o abrange cerca de 830 metros quadrados e apresenta diversas patologias, desde estacionamento autom\u00f3vel desordenado \u00e0 acumula\u00e7\u00e3o indevida de res\u00edduos por parte de alguns propriet\u00e1rios dos edif\u00edcios adjacentes. O projeto contempla a pavimenta\u00e7\u00e3o da zona, melhoria das acessibilidades e refor\u00e7o das condi\u00e7\u00f5es de seguran\u00e7a.<\/p>\n\n\n\n<p>As obras no espa\u00e7o exterior ter\u00e3o in\u00edcio ap\u00f3s a recupera\u00e7\u00e3o da pr\u00f3pria Ermida, da responsabilidade da F\u00e1brica da Igreja da Guia, que ir\u00e1 realizar uma interven\u00e7\u00e3o no telhado e na cobertura, num investimento estimado em 170 mil euros, tamb\u00e9m com apoio da autarquia.<\/p>\n\n\n\n<p>Datada de 1678, conforme inscri\u00e7\u00e3o gravada na verga de uma das portas, a Ermida de Nossa Senhora da Guia \u00e9 um exemplo do patrim\u00f3nio religioso da regi\u00e3o. Apresenta uma planta longitudinal com nave \u00fanica e capela-mor, sendo rodeada por um alpendre suportado por colunata toscana, t\u00edpico das constru\u00e7\u00f5es destinadas a acolher festas e romarias.<\/p>\n\n\n\n<p>O edif\u00edcio, classificado como Im\u00f3vel de Interesse P\u00fablico pela Dire\u00e7\u00e3o-Geral do Patrim\u00f3nio Cultural (DGPC), \u00e9 considerado um dos marcos centrais da vila da Guia, em torno do qual cresceu a comunidade local.<\/p>\n\n\n\n<p>Para o presidente da C\u00e2mara Municipal de Pombal, Pedro Pimp\u00e3o, esta interven\u00e7\u00e3o representa um passo importante na \u201cpreserva\u00e7\u00e3o da mem\u00f3ria e da identidade da regi\u00e3o\u201d. O autarca destaca que os im\u00f3veis religiosos s\u00e3o testemunhos vivos de s\u00e9culos de hist\u00f3ria, tradi\u00e7\u00f5es e cren\u00e7as. Acrescenta ainda que a requalifica\u00e7\u00e3o contribui para a valoriza\u00e7\u00e3o tur\u00edstica e religiosa do territ\u00f3rio, tornando os espa\u00e7os atrativos n\u00e3o s\u00f3 para visitantes nacionais e internacionais, mas tamb\u00e9m como pontos de encontro da comunidade local.<\/p>\n\n\n\n<p>\u201cLocais bem conservados tornam-se polos de atra\u00e7\u00e3o e de conv\u00edvio, refor\u00e7ando a coes\u00e3o social\u201d, afirmou Pedro Pimp\u00e3o, acrescentando que \u201cao investirmos nestes pilares do nosso passado, estamos, na verdade, a construir um futuro mais rico e pr\u00f3spero para todos\u201d.<\/p>\n","protected":false},"excerpt":{"rendered":"<p>A C\u00e2mara Municipal de Pombal vai avan\u00e7ar com obras de requalifica\u00e7\u00e3o na envolvente da Ermida de Nossa Senhora da Guia, situada na vila da Guia, [&hellip;]<\/p>\n","protected":false},"author":1,"featured_media":154,"comment_status":"open","ping_status":"open","sticky":false,"template":"","format":"standard","meta":{"_monsterinsights_skip_tracking":false,"_monsterinsights_sitenote_active":false,"_monsterinsights_sitenote_note":"","_monsterinsights_sitenote_category":0,"_uf_show_specific_survey":0,"_uf_disable_surveys":false,"_jetpack_memberships_contains_paid_content":false,"footnotes":"","jetpack_publicize_message":"","jetpack_publicize_feature_enabled":true,"jetpack_social_post_already_shared":true,"jetpack_social_options":{"image_generator_settings":{"template":"highway","default_image_id":0,"enabled":false},"version":2}},"categories":[10,1],"tags":[],"class_list":["post-152","post","type-post","status-publish","format-standard","has-post-thumbnail","hentry","category-cultura","category-nioticias"],"aioseo_notices":[],"jetpack_publicize_connections":[],"jetpack_featured_media_url":"https:\/\/pombalpt.pt\/wp-content\/uploads\/2025\/06\/ermida_da_guia_1_2500_2500.webp","jetpack_sharing_enabled":true,"_links":{"self":[{"href":"https:\/\/pombalpt.pt\/index.php\/wp-json\/wp\/v2\/posts\/152","targetHints":{"allow":["GET"]}}],"collection":[{"href":"https:\/\/pombalpt.pt\/index.php\/wp-json\/wp\/v2\/posts"}],"about":[{"href":"https:\/\/pombalpt.pt\/index.php\/wp-json\/wp\/v2\/types\/post"}],"author":[{"embeddable":true,"href":"https:\/\/pombalpt.pt\/index.php\/wp-json\/wp\/v2\/users\/1"}],"replies":[{"embeddable":true,"href":"https:\/\/pombalpt.pt\/index.php\/wp-json\/wp\/v2\/comments?post=152"}],"version-history":[{"count":1,"href":"https:\/\/pombalpt.pt\/index.php\/wp-json\/wp\/v2\/posts\/152\/revisions"}],"predecessor-version":[{"id":155,"href":"https:\/\/pombalpt.pt\/index.php\/wp-json\/wp\/v2\/posts\/152\/revisions\/155"}],"wp:featuredmedia":[{"embeddable":true,"href":"https:\/\/pombalpt.pt\/index.php\/wp-json\/wp\/v2\/media\/154"}],"wp:attachment":[{"href":"https:\/\/pombalpt.pt\/index.php\/wp-json\/wp\/v2\/media?parent=152"}],"wp:term":[{"taxonomy":"category","embeddable":true,"href":"https:\/\/pombalpt.pt\/index.php\/wp-json\/wp\/v2\/categories?post=152"},{"taxonomy":"post_tag","embeddable":true,"href":"https:\/\/pombalpt.pt\/index.php\/wp-json\/wp\/v2\/tags?post=152"}],"curies":[{"name":"wp","href":"https:\/\/api.w.org\/{rel}","templated":true}]}}