{"id":129,"date":"2025-06-26T19:37:13","date_gmt":"2025-06-26T19:37:13","guid":{"rendered":"https:\/\/pombalpt.pt\/?p=129"},"modified":"2025-06-26T19:37:14","modified_gmt":"2025-06-26T19:37:14","slug":"pombal-implementa-transporte-publico-flexivel-com-taxis-a-preco-reduzido-a-partir-de-30-de-junho","status":"publish","type":"post","link":"https:\/\/pombalpt.pt\/index.php\/2025\/06\/26\/pombal-implementa-transporte-publico-flexivel-com-taxis-a-preco-reduzido-a-partir-de-30-de-junho\/","title":{"rendered":"Pombal implementa transporte p\u00fablico flex\u00edvel com t\u00e1xis a pre\u00e7o reduzido a partir de 30 de junho"},"content":{"rendered":"\n<p>A partir do pr\u00f3ximo <strong>dia 30 de junho de 2025<\/strong>, o concelho de <strong>Pombal<\/strong> passar\u00e1 a contar com um novo <strong>servi\u00e7o p\u00fablico de transporte flex\u00edvel<\/strong>, uma medida que visa melhorar a mobilidade da popula\u00e7\u00e3o, especialmente nas zonas com menor cobertura de transportes regulares.<\/p>\n\n\n\n<p>O servi\u00e7o ser\u00e1 realizado atrav\u00e9s da <strong>utiliza\u00e7\u00e3o de t\u00e1xis a pre\u00e7o reduzido<\/strong>, com o apoio da <strong>Comunidade Intermunicipal da Regi\u00e3o de Leiria (CIMRL)<\/strong>, tornando o transporte <strong>mais pr\u00f3ximo, mais c\u00f3modo e mais acess\u00edvel para todos<\/strong> os cidad\u00e3os.<\/p>\n\n\n\n<p>De funcionamento simples e direto, os interessados apenas ter\u00e3o de <strong>reservar a viagem at\u00e9 \u00e0s 15h00 do dia anterior<\/strong>, atrav\u00e9s do n\u00famero gratuito <strong>800 24 25 26<\/strong>.<\/p>\n\n\n\n<p>A implementa\u00e7\u00e3o do servi\u00e7o ser\u00e1 <strong>faseada por freguesias<\/strong>, com o seguinte calend\u00e1rio:<\/p>\n\n\n\n<p>\ud83d\udd38 <strong>A partir de 30 de junho de 2025<\/strong>:<\/p>\n\n\n\n<ul class=\"wp-block-list\">\n<li>Almagreira<\/li>\n\n\n\n<li>Carnide<\/li>\n\n\n\n<li>Carri\u00e7o<\/li>\n\n\n\n<li>Louri\u00e7al<\/li>\n\n\n\n<li>Guia, Ilha e Mata Mourisca<\/li>\n<\/ul>\n\n\n\n<p>\ud83d\udd38 <strong>A partir de 1 de setembro de 2025<\/strong>:<\/p>\n\n\n\n<ul class=\"wp-block-list\">\n<li>Abiul<\/li>\n\n\n\n<li>Meirinhas<\/li>\n\n\n\n<li>Pelariga<\/li>\n\n\n\n<li>Redinha<\/li>\n\n\n\n<li>Santiago de Lit\u00e9m, S\u00e3o Sim\u00e3o de Lit\u00e9m e Albergaria dos Doze<\/li>\n\n\n\n<li>Vermoil<\/li>\n\n\n\n<li>Vila C\u00e3<\/li>\n<\/ul>\n\n\n\n<p>\ud83d\udd38 <strong>A partir de 5 de janeiro de 2026<\/strong>:<\/p>\n\n\n\n<ul class=\"wp-block-list\">\n<li>Freguesia de Pombal (sede do concelho)<\/li>\n<\/ul>\n\n\n\n<p>Esta solu\u00e7\u00e3o inovadora refor\u00e7a o compromisso do Munic\u00edpio de Pombal com a <strong>inclus\u00e3o, equidade no acesso aos servi\u00e7os p\u00fablicos e a coes\u00e3o territorial<\/strong>, oferecendo um transporte <strong>econ\u00f3mico, flex\u00edvel e ao alcance de todos<\/strong>.<\/p>\n","protected":false},"excerpt":{"rendered":"<p>A partir do pr\u00f3ximo dia 30 de junho de 2025, o concelho de Pombal passar\u00e1 a contar com um novo servi\u00e7o p\u00fablico de transporte flex\u00edvel, [&hellip;]<\/p>\n","protected":false},"author":1,"featured_media":130,"comment_status":"open","ping_status":"open","sticky":false,"template":"","format":"standard","meta":{"_monsterinsights_skip_tracking":false,"_monsterinsights_sitenote_active":false,"_monsterinsights_sitenote_note":"","_monsterinsights_sitenote_category":0,"_uf_show_specific_survey":0,"_uf_disable_surveys":false,"_jetpack_memberships_contains_paid_content":false,"footnotes":"","jetpack_publicize_message":"","jetpack_publicize_feature_enabled":true,"jetpack_social_post_already_shared":false,"jetpack_social_options":{"image_generator_settings":{"template":"highway","default_image_id":0,"enabled":false},"version":2}},"categories":[1],"tags":[9],"class_list":["post-129","post","type-post","status-publish","format-standard","has-post-thumbnail","hentry","category-nioticias","tag-noticias"],"aioseo_notices":[],"jetpack_publicize_connections":[],"jetpack_featured_media_url":"https:\/\/pombalpt.pt\/wp-content\/uploads\/2025\/06\/transporte-flaxivel.jpg","jetpack_sharing_enabled":true,"_links":{"self":[{"href":"https:\/\/pombalpt.pt\/index.php\/wp-json\/wp\/v2\/posts\/129","targetHints":{"allow":["GET"]}}],"collection":[{"href":"https:\/\/pombalpt.pt\/index.php\/wp-json\/wp\/v2\/posts"}],"about":[{"href":"https:\/\/pombalpt.pt\/index.php\/wp-json\/wp\/v2\/types\/post"}],"author":[{"embeddable":true,"href":"https:\/\/pombalpt.pt\/index.php\/wp-json\/wp\/v2\/users\/1"}],"replies":[{"embeddable":true,"href":"https:\/\/pombalpt.pt\/index.php\/wp-json\/wp\/v2\/comments?post=129"}],"version-history":[{"count":1,"href":"https:\/\/pombalpt.pt\/index.php\/wp-json\/wp\/v2\/posts\/129\/revisions"}],"predecessor-version":[{"id":131,"href":"https:\/\/pombalpt.pt\/index.php\/wp-json\/wp\/v2\/posts\/129\/revisions\/131"}],"wp:featuredmedia":[{"embeddable":true,"href":"https:\/\/pombalpt.pt\/index.php\/wp-json\/wp\/v2\/media\/130"}],"wp:attachment":[{"href":"https:\/\/pombalpt.pt\/index.php\/wp-json\/wp\/v2\/media?parent=129"}],"wp:term":[{"taxonomy":"category","embeddable":true,"href":"https:\/\/pombalpt.pt\/index.php\/wp-json\/wp\/v2\/categories?post=129"},{"taxonomy":"post_tag","embeddable":true,"href":"https:\/\/pombalpt.pt\/index.php\/wp-json\/wp\/v2\/tags?post=129"}],"curies":[{"name":"wp","href":"https:\/\/api.w.org\/{rel}","templated":true}]}}