{"id":1,"date":"2025-07-02T15:28:03","date_gmt":"2025-07-02T15:28:03","guid":{"rendered":"https:\/\/pombalpt.pt\/Noticias\/?p=1"},"modified":"2025-07-02T15:28:04","modified_gmt":"2025-07-02T15:28:04","slug":"desporto","status":"publish","type":"post","link":"https:\/\/pombalpt.pt\/index.php\/2025\/07\/02\/desporto\/","title":{"rendered":"Termina em Pombal a 3\u00aa Etapa da Volta a Portugal em Bicicleta Feminina"},"content":{"rendered":"\n<p>A cidade de Pombal prepara-se para acolher, na pr\u00f3xima sexta-feira, 4 de julho, a final da 3.\u00aa etapa da <strong>5.\u00aa Volta a Portugal Feminina Cofidis<\/strong>, que promete emo\u00e7\u00f5es fortes na Avenida Her\u00f3is do Ultramar. Esta etapa contar\u00e1 com a presen\u00e7a de <strong>mais de 120 ciclistas<\/strong>, em representa\u00e7\u00e3o de <strong>19 equipas<\/strong>, incluindo <strong>3 ProTeams<\/strong>, <strong>6 equipas Continentais UCI<\/strong>, a <strong>sele\u00e7\u00e3o nacional dos Estados Unidos da Am\u00e9rica<\/strong> e <strong>9 equipas de clube<\/strong>, com especial destaque para as <strong>6 forma\u00e7\u00f5es nacionais<\/strong>.<\/p>\n\n\n\n<p>No terceiro dia de competi\u00e7\u00e3o, as ciclistas enfrentar\u00e3o <strong>a jornada mais longa da prova<\/strong>, com um percurso <strong>ondulado e exigente<\/strong>, particularmente na segunda metade do trajeto. Embora o in\u00edcio da etapa seja relativamente acess\u00edvel, <strong>a aproxima\u00e7\u00e3o a Pombal trar\u00e1 maior dificuldade<\/strong>, com destaque para a <strong>\u00fanica contagem de montanha categorizada<\/strong> \u2014 a <strong>3.\u00aa Categoria de Cumieira de Cima<\/strong> \u2014 situada nos \u00faltimos 10 quil\u00f3metros. Este tro\u00e7o, pelo seu posicionamento estrat\u00e9gico e dureza acumulada, poder\u00e1 provocar ataques e redefinir a classifica\u00e7\u00e3o geral.<\/p>\n\n\n\n<p>O dia contar\u00e1 ainda com <strong>duas Metas Volantes<\/strong>, uma em <strong>Montemor-o-Velho<\/strong> e outra j\u00e1 em <strong>Pombal<\/strong>, contribuindo para a intensidade e estrat\u00e9gia da etapa.<\/p>\n\n\n\n<p>Com transmiss\u00e3o garantida pela <strong>SportTV<\/strong>, atrav\u00e9s de resumos di\u00e1rios, e pela <strong>RTP2<\/strong>, com um resumo final alargado, a prova refor\u00e7a a sua <strong>forte presen\u00e7a medi\u00e1tica<\/strong> e digital. A Volta a Portugal Feminina Cofidis continua, assim, a afirmar-se como um evento de <strong>elevado impacto desportivo, social e territorial<\/strong>, promovendo a <strong>igualdade de g\u00e9nero<\/strong> e valorizando o <strong>ciclismo feminino em Portugal<\/strong>.<\/p>\n\n\n\n<p><\/p>\n\n\n\n<p><\/p>\n","protected":false},"excerpt":{"rendered":"<p>A cidade de Pombal prepara-se para acolher, na pr\u00f3xima sexta-feira, 4 de julho, a final da 3.\u00aa etapa da 5.\u00aa Volta a Portugal Feminina Cofidis, [&hellip;]<\/p>\n","protected":false},"author":1,"featured_media":188,"comment_status":"closed","ping_status":"closed","sticky":false,"template":"","format":"standard","meta":{"_monsterinsights_skip_tracking":false,"_monsterinsights_sitenote_active":false,"_monsterinsights_sitenote_note":"","_monsterinsights_sitenote_category":0,"_uf_show_specific_survey":0,"_uf_disable_surveys":false,"_jetpack_memberships_contains_paid_content":false,"footnotes":"","jetpack_publicize_message":"","jetpack_publicize_feature_enabled":true,"jetpack_social_post_already_shared":false,"jetpack_social_options":{"image_generator_settings":{"template":"highway","default_image_id":0,"enabled":false},"version":2}},"categories":[12],"tags":[5],"class_list":["post-1","post","type-post","status-publish","format-standard","has-post-thumbnail","hentry","category-desporto","tag-desporto"],"aioseo_notices":[],"jetpack_publicize_connections":[],"jetpack_featured_media_url":"https:\/\/pombalpt.pt\/wp-content\/uploads\/2025\/06\/vp25fem_poster_2.jpg","jetpack_sharing_enabled":true,"_links":{"self":[{"href":"https:\/\/pombalpt.pt\/index.php\/wp-json\/wp\/v2\/posts\/1","targetHints":{"allow":["GET"]}}],"collection":[{"href":"https:\/\/pombalpt.pt\/index.php\/wp-json\/wp\/v2\/posts"}],"about":[{"href":"https:\/\/pombalpt.pt\/index.php\/wp-json\/wp\/v2\/types\/post"}],"author":[{"embeddable":true,"href":"https:\/\/pombalpt.pt\/index.php\/wp-json\/wp\/v2\/users\/1"}],"replies":[{"embeddable":true,"href":"https:\/\/pombalpt.pt\/index.php\/wp-json\/wp\/v2\/comments?post=1"}],"version-history":[{"count":4,"href":"https:\/\/pombalpt.pt\/index.php\/wp-json\/wp\/v2\/posts\/1\/revisions"}],"predecessor-version":[{"id":190,"href":"https:\/\/pombalpt.pt\/index.php\/wp-json\/wp\/v2\/posts\/1\/revisions\/190"}],"wp:featuredmedia":[{"embeddable":true,"href":"https:\/\/pombalpt.pt\/index.php\/wp-json\/wp\/v2\/media\/188"}],"wp:attachment":[{"href":"https:\/\/pombalpt.pt\/index.php\/wp-json\/wp\/v2\/media?parent=1"}],"wp:term":[{"taxonomy":"category","embeddable":true,"href":"https:\/\/pombalpt.pt\/index.php\/wp-json\/wp\/v2\/categories?post=1"},{"taxonomy":"post_tag","embeddable":true,"href":"https:\/\/pombalpt.pt\/index.php\/wp-json\/wp\/v2\/tags?post=1"}],"curies":[{"name":"wp","href":"https:\/\/api.w.org\/{rel}","templated":true}]}}